{"id":11112,"date":"2020-04-17T13:38:49","date_gmt":"2020-04-17T13:38:49","guid":{"rendered":"https:\/\/www.radiopresidenteibanez.cl\/web\/?p=11112"},"modified":"2020-04-17T13:38:52","modified_gmt":"2020-04-17T13:38:52","slug":"mop-concluye-construccion-del-cuartel-ssei-en-la-antartica","status":"publish","type":"post","link":"https:\/\/www.radiopresidenteibanez.cl\/web\/mop-concluye-construccion-del-cuartel-ssei-en-la-antartica\/","title":{"rendered":"MOP CONCLUYE CONSTRUCCI\u00d3N DEL CUARTEL SSEI EN LA ANT\u00c1RTICA"},"content":{"rendered":"\n<p>Este mes de abril concluyeron las obras de reposici\u00f3n del Cuartel SSEI\n(Servicio de Salvamento y Extinci\u00f3n de Incendios), ubicado en el aer\u00f3dromo\nTeniente Marsh de la Ant\u00e1rtica, que fue destruido por un incendio el a\u00f1o 2005.<\/p>\n\n\n\n<p>Las obras, ejecutadas por la Direcci\u00f3n de Aeropuertos del Ministerio de Obras\nP\u00fablicas, consideran un nuevo hangar con dos niveles de 690 m2 y 109 m2\nrespectivamente. <\/p>\n\n\n\n<p>En el primer nivel, como inform\u00f3 el Director de Aeropuertos del MOP, Hardy\nRehbein, se ubica la zona de estacionamiento de los veh\u00edculos, maquinarias y\naccesorios del plan nieve ant\u00e1rtica, ocupando 430 m2; bodegas, ba\u00f1os y\nvestidores para el personal con 110 m2; y 150 m2 para albergar la planta de\nagua potable, estanque de petr\u00f3leo y generadores de electricidad. <\/p>\n\n\n\n<p>A\u00f1adi\u00f3 que en el segundo nivel se instalaron oficinas, torre de\nvisualizaci\u00f3n de la pista y sala de estar para el personal del cuartel.<\/p>\n\n\n\n<p>Destac\u00f3 Rehbein\nque para dotar de mayor seguridad al recinto, se consider\u00f3 igualmente, entre\notras caracter\u00edsticas, la habilitaci\u00f3n de un sistema de detecci\u00f3n y extinci\u00f3n de\nincendio, con detectores de humo y de temperatura.<\/p>\n\n\n\n<p>\u201cSe trata de una gran y esperada obra ejecutada por la Direcci\u00f3n de\nAeropuertos, que se enmarca en el impulso brindando por el Gobierno del\nPresidente Sebasti\u00e1n Pi\u00f1era, a todas las iniciativas que signifiquen progreso y\nseguridad en el Continente Blanco\u201d, destac\u00f3 el Seremi de Obras P\u00fablicas, Pablo\nRendoll.<\/p>\n\n\n\n<p>Las obras, consideraron una inversi\u00f3n de $ 6.503.424.805, con financiamiento del Fondo Nacional de\nDesarrollo Regional (FNDR).<\/p>\n","protected":false},"excerpt":{"rendered":"<p>Este mes de abril concluyeron las obras de reposici\u00f3n del Cuartel SSEI (Servicio de Salvamento y Extinci\u00f3n de Incendios), ubicado en el aer\u00f3dromo Teniente Marsh de la Ant\u00e1rtica, que fue&#8230; <a class=\"read-more\" href=\"https:\/\/www.radiopresidenteibanez.cl\/web\/mop-concluye-construccion-del-cuartel-ssei-en-la-antartica\/\">Leer m\u00e1s<\/a><\/p>\n","protected":false},"author":2,"featured_media":11113,"comment_status":"closed","ping_status":"closed","sticky":false,"template":"","format":"standard","meta":{"footnotes":""},"categories":[1],"tags":[],"class_list":["post-11112","post","type-post","status-publish","format-standard","has-post-thumbnail","hentry","category-cronica"],"_links":{"self":[{"href":"https:\/\/www.radiopresidenteibanez.cl\/web\/wp-json\/wp\/v2\/posts\/11112","targetHints":{"allow":["GET"]}}],"collection":[{"href":"https:\/\/www.radiopresidenteibanez.cl\/web\/wp-json\/wp\/v2\/posts"}],"about":[{"href":"https:\/\/www.radiopresidenteibanez.cl\/web\/wp-json\/wp\/v2\/types\/post"}],"author":[{"embeddable":true,"href":"https:\/\/www.radiopresidenteibanez.cl\/web\/wp-json\/wp\/v2\/users\/2"}],"replies":[{"embeddable":true,"href":"https:\/\/www.radiopresidenteibanez.cl\/web\/wp-json\/wp\/v2\/comments?post=11112"}],"version-history":[{"count":0,"href":"https:\/\/www.radiopresidenteibanez.cl\/web\/wp-json\/wp\/v2\/posts\/11112\/revisions"}],"wp:featuredmedia":[{"embeddable":true,"href":"https:\/\/www.radiopresidenteibanez.cl\/web\/wp-json\/wp\/v2\/media\/11113"}],"wp:attachment":[{"href":"https:\/\/www.radiopresidenteibanez.cl\/web\/wp-json\/wp\/v2\/media?parent=11112"}],"wp:term":[{"taxonomy":"category","embeddable":true,"href":"https:\/\/www.radiopresidenteibanez.cl\/web\/wp-json\/wp\/v2\/categories?post=11112"},{"taxonomy":"post_tag","embeddable":true,"href":"https:\/\/www.radiopresidenteibanez.cl\/web\/wp-json\/wp\/v2\/tags?post=11112"}],"curies":[{"name":"wp","href":"https:\/\/api.w.org\/{rel}","templated":true}]}}