{"id":11097,"date":"2020-04-17T13:19:56","date_gmt":"2020-04-17T13:19:56","guid":{"rendered":"https:\/\/www.radiopresidenteibanez.cl\/web\/?p=11097"},"modified":"2020-04-17T13:30:33","modified_gmt":"2020-04-17T13:30:33","slug":"colision-de-alta-energia-dejo-una-persona-fallecida","status":"publish","type":"post","link":"https:\/\/www.radiopresidenteibanez.cl\/web\/colision-de-alta-energia-dejo-una-persona-fallecida\/","title":{"rendered":"COLISI\u00d3N DE ALTA ENERG\u00cdA DEJO UNA PERSONA FALLECIDA"},"content":{"rendered":"\n<p>Pasadas las 00:00 horas hasta el sector de la ruta 9, frente\na vialidad en Puerto Natales, debi\u00f3 dirigirse personal de Bomberos y Carabineros\nquienes debieron trabajar en una colisi\u00f3n de alta energ\u00eda entre un jeep y un\ncami\u00f3n.<\/p>\n\n\n\n<p>En la oportunidad un hombre identificado con las iniciales D.G.J funcionario del Regimiento N\u00b05 Lanceros de la ciudad de Puerto Natales, casado, padre de tres hijos, conductor del jeep falleci\u00f3 en el lugar.<br> <br> La fiscal de turno orden\u00f3 el retiro del cuerpo por parte del Servicio M\u00e9dico Legal para la autopsia correspondiente. Hasta el momento se desconocen las causas del accidente, lo que es materia de investigaci\u00f3n por parte de las polic\u00edas.<\/p>\n\n\n\n<p><\/p>\n\n\n\n<p>CHH.<\/p>\n","protected":false},"excerpt":{"rendered":"<p>Pasadas las 00:00 horas hasta el sector de la ruta 9, frente a vialidad en Puerto Natales, debi\u00f3 dirigirse personal de Bomberos y Carabineros quienes debieron trabajar en una colisi\u00f3n&#8230; <a class=\"read-more\" href=\"https:\/\/www.radiopresidenteibanez.cl\/web\/colision-de-alta-energia-dejo-una-persona-fallecida\/\">Leer m\u00e1s<\/a><\/p>\n","protected":false},"author":2,"featured_media":11106,"comment_status":"closed","ping_status":"closed","sticky":false,"template":"","format":"standard","meta":{"footnotes":""},"categories":[1],"tags":[],"class_list":["post-11097","post","type-post","status-publish","format-standard","has-post-thumbnail","hentry","category-cronica"],"_links":{"self":[{"href":"https:\/\/www.radiopresidenteibanez.cl\/web\/wp-json\/wp\/v2\/posts\/11097","targetHints":{"allow":["GET"]}}],"collection":[{"href":"https:\/\/www.radiopresidenteibanez.cl\/web\/wp-json\/wp\/v2\/posts"}],"about":[{"href":"https:\/\/www.radiopresidenteibanez.cl\/web\/wp-json\/wp\/v2\/types\/post"}],"author":[{"embeddable":true,"href":"https:\/\/www.radiopresidenteibanez.cl\/web\/wp-json\/wp\/v2\/users\/2"}],"replies":[{"embeddable":true,"href":"https:\/\/www.radiopresidenteibanez.cl\/web\/wp-json\/wp\/v2\/comments?post=11097"}],"version-history":[{"count":0,"href":"https:\/\/www.radiopresidenteibanez.cl\/web\/wp-json\/wp\/v2\/posts\/11097\/revisions"}],"wp:featuredmedia":[{"embeddable":true,"href":"https:\/\/www.radiopresidenteibanez.cl\/web\/wp-json\/wp\/v2\/media\/11106"}],"wp:attachment":[{"href":"https:\/\/www.radiopresidenteibanez.cl\/web\/wp-json\/wp\/v2\/media?parent=11097"}],"wp:term":[{"taxonomy":"category","embeddable":true,"href":"https:\/\/www.radiopresidenteibanez.cl\/web\/wp-json\/wp\/v2\/categories?post=11097"},{"taxonomy":"post_tag","embeddable":true,"href":"https:\/\/www.radiopresidenteibanez.cl\/web\/wp-json\/wp\/v2\/tags?post=11097"}],"curies":[{"name":"wp","href":"https:\/\/api.w.org\/{rel}","templated":true}]}}