{"id":11094,"date":"2020-04-17T13:06:26","date_gmt":"2020-04-17T13:06:26","guid":{"rendered":"https:\/\/www.radiopresidenteibanez.cl\/web\/?p=11094"},"modified":"2020-04-17T14:13:25","modified_gmt":"2020-04-17T14:13:25","slug":"persona-que-dio-positivo-a-covid-19-viajo-al-interior-de-ferry-crux-australis-que-se-trasladaba-a-puerto-eden","status":"publish","type":"post","link":"https:\/\/www.radiopresidenteibanez.cl\/web\/persona-que-dio-positivo-a-covid-19-viajo-al-interior-de-ferry-crux-australis-que-se-trasladaba-a-puerto-eden\/","title":{"rendered":"PERSONA QUE DIO POSITIVO A COVID-19 VIAJ\u00d3 AL INTERIOR DE FERRY CRUX AUSTRALIS QUE SE TRASLADABA A PUERTO ED\u00c9N"},"content":{"rendered":"\n<p>En horas de la noche de ayer, jueves 16 de abril, la seremi de Salud de la Regi\u00f3n de Magallanes y Ant\u00e1rtica Chilena le confirm\u00f3 a su par de Ays\u00e9n, que al interior del ferry Crux Australis de Tabsa que realiza el viaje entre Caleta Tortel y Puerto Ed\u00e9n, viajaba un hombre que hab\u00eda dado positivo al examen del Covid-19.<\/p>\n\n\n\n<p>Por lo anterior el grupo de personas que tambi\u00e9n viajaban\njunto a este funcionario y recalaron en Puerto Ed\u00e9n fueron puesto en cuarentena\npara descartar que est\u00e9n contagiados por coronavirus, mientras que el paciente\ninfectado fue derivado al hospital de alta complejidad de la regi\u00f3n en la\nciudad de Punta Arenas.<\/p>\n\n\n\n<p>En este sentido, la seremi de la regi\u00f3n de Ays\u00e9n, Alejandra Valdebenito, explico que \u201cel afectado solo hab\u00eda tenido s\u00edntomas por 24 horas, posteriormente al realizarse el examen da positivo y se toman todas las medidas correspondientes\u201d.<\/p>\n\n\n\n<p><\/p>\n\n\n\n<p>CHH.<\/p>\n","protected":false},"excerpt":{"rendered":"<p>En horas de la noche de ayer, jueves 16 de abril, la seremi de Salud de la Regi\u00f3n de Magallanes y Ant\u00e1rtica Chilena le confirm\u00f3 a su par de Ays\u00e9n,&#8230; <a class=\"read-more\" href=\"https:\/\/www.radiopresidenteibanez.cl\/web\/persona-que-dio-positivo-a-covid-19-viajo-al-interior-de-ferry-crux-australis-que-se-trasladaba-a-puerto-eden\/\">Leer m\u00e1s<\/a><\/p>\n","protected":false},"author":2,"featured_media":10251,"comment_status":"closed","ping_status":"closed","sticky":false,"template":"","format":"standard","meta":{"footnotes":""},"categories":[1],"tags":[],"class_list":["post-11094","post","type-post","status-publish","format-standard","has-post-thumbnail","hentry","category-cronica"],"_links":{"self":[{"href":"https:\/\/www.radiopresidenteibanez.cl\/web\/wp-json\/wp\/v2\/posts\/11094","targetHints":{"allow":["GET"]}}],"collection":[{"href":"https:\/\/www.radiopresidenteibanez.cl\/web\/wp-json\/wp\/v2\/posts"}],"about":[{"href":"https:\/\/www.radiopresidenteibanez.cl\/web\/wp-json\/wp\/v2\/types\/post"}],"author":[{"embeddable":true,"href":"https:\/\/www.radiopresidenteibanez.cl\/web\/wp-json\/wp\/v2\/users\/2"}],"replies":[{"embeddable":true,"href":"https:\/\/www.radiopresidenteibanez.cl\/web\/wp-json\/wp\/v2\/comments?post=11094"}],"version-history":[{"count":0,"href":"https:\/\/www.radiopresidenteibanez.cl\/web\/wp-json\/wp\/v2\/posts\/11094\/revisions"}],"wp:featuredmedia":[{"embeddable":true,"href":"https:\/\/www.radiopresidenteibanez.cl\/web\/wp-json\/wp\/v2\/media\/10251"}],"wp:attachment":[{"href":"https:\/\/www.radiopresidenteibanez.cl\/web\/wp-json\/wp\/v2\/media?parent=11094"}],"wp:term":[{"taxonomy":"category","embeddable":true,"href":"https:\/\/www.radiopresidenteibanez.cl\/web\/wp-json\/wp\/v2\/categories?post=11094"},{"taxonomy":"post_tag","embeddable":true,"href":"https:\/\/www.radiopresidenteibanez.cl\/web\/wp-json\/wp\/v2\/tags?post=11094"}],"curies":[{"name":"wp","href":"https:\/\/api.w.org\/{rel}","templated":true}]}}