{"id":1109,"date":"2019-02-05T19:28:16","date_gmt":"2019-02-05T19:28:16","guid":{"rendered":"http:\/\/www.radiopresidenteibanez.cl\/web\/?p=1109"},"modified":"2019-02-05T19:28:32","modified_gmt":"2019-02-05T19:28:32","slug":"27-8c-fue-la-temperatura-maxima-en-punta-arenas-mientras-que-en-puerto-natales-24-3c-y-porvenir-27-1c","status":"publish","type":"post","link":"https:\/\/www.radiopresidenteibanez.cl\/web\/27-8c-fue-la-temperatura-maxima-en-punta-arenas-mientras-que-en-puerto-natales-24-3c-y-porvenir-27-1c\/","title":{"rendered":"27.8\u00b0C FUE LA TEMPERATURA M\u00c1XIMA EN PUNTA ARENAS, MIENTRAS QUE EN PUERTO NATALES 24.3\u00b0C Y PORVENIR 27.1\u00b0C"},"content":{"rendered":"\n<p>Este martes 05 de febrero, nuevamente\nlas temperaturas marcaron altas temperaturas es as\u00ed que informaci\u00f3n entregada\npor Nicol\u00e1s Butorovic, v\u00eda redes sociales, inform\u00f3 que en Punta Arenas el term\u00f3metro\nmarco, 27.8\u00b0C, Puerto Natales 24.3\u00b0C y Porvenir 27.1\u00b0C.<\/p>\n\n\n\n<p>Cabe mencionar que expertos\nmanifiestan que las temperaturas bajar\u00edan nuevamente este mi\u00e9rcoles alcanzando\nm\u00e1ximas de 14\u00b0C en diferentes sectores de la regi\u00f3n de Magallanes.<\/p>\n","protected":false},"excerpt":{"rendered":"<p>Este martes 05 de febrero, nuevamente las temperaturas marcaron altas temperaturas es as\u00ed que informaci\u00f3n entregada por Nicol\u00e1s Butorovic, v\u00eda redes sociales, inform\u00f3 que en Punta Arenas el term\u00f3metro marco,&#8230; <a class=\"read-more\" href=\"https:\/\/www.radiopresidenteibanez.cl\/web\/27-8c-fue-la-temperatura-maxima-en-punta-arenas-mientras-que-en-puerto-natales-24-3c-y-porvenir-27-1c\/\">Leer m\u00e1s<\/a><\/p>\n","protected":false},"author":2,"featured_media":1110,"comment_status":"closed","ping_status":"closed","sticky":false,"template":"","format":"standard","meta":{"footnotes":""},"categories":[1],"tags":[],"class_list":["post-1109","post","type-post","status-publish","format-standard","has-post-thumbnail","hentry","category-cronica"],"_links":{"self":[{"href":"https:\/\/www.radiopresidenteibanez.cl\/web\/wp-json\/wp\/v2\/posts\/1109","targetHints":{"allow":["GET"]}}],"collection":[{"href":"https:\/\/www.radiopresidenteibanez.cl\/web\/wp-json\/wp\/v2\/posts"}],"about":[{"href":"https:\/\/www.radiopresidenteibanez.cl\/web\/wp-json\/wp\/v2\/types\/post"}],"author":[{"embeddable":true,"href":"https:\/\/www.radiopresidenteibanez.cl\/web\/wp-json\/wp\/v2\/users\/2"}],"replies":[{"embeddable":true,"href":"https:\/\/www.radiopresidenteibanez.cl\/web\/wp-json\/wp\/v2\/comments?post=1109"}],"version-history":[{"count":0,"href":"https:\/\/www.radiopresidenteibanez.cl\/web\/wp-json\/wp\/v2\/posts\/1109\/revisions"}],"wp:featuredmedia":[{"embeddable":true,"href":"https:\/\/www.radiopresidenteibanez.cl\/web\/wp-json\/wp\/v2\/media\/1110"}],"wp:attachment":[{"href":"https:\/\/www.radiopresidenteibanez.cl\/web\/wp-json\/wp\/v2\/media?parent=1109"}],"wp:term":[{"taxonomy":"category","embeddable":true,"href":"https:\/\/www.radiopresidenteibanez.cl\/web\/wp-json\/wp\/v2\/categories?post=1109"},{"taxonomy":"post_tag","embeddable":true,"href":"https:\/\/www.radiopresidenteibanez.cl\/web\/wp-json\/wp\/v2\/tags?post=1109"}],"curies":[{"name":"wp","href":"https:\/\/api.w.org\/{rel}","templated":true}]}}