{"id":11086,"date":"2020-04-16T01:12:47","date_gmt":"2020-04-16T01:12:47","guid":{"rendered":"https:\/\/www.radiopresidenteibanez.cl\/web\/?p=11086"},"modified":"2020-04-16T01:12:51","modified_gmt":"2020-04-16T01:12:51","slug":"municipios-son-convocados-de-manera-urgente-por-el-gobierno-para-abordar-soluciones-a-la-crisis-financiera-que-los-afecta","status":"publish","type":"post","link":"https:\/\/www.radiopresidenteibanez.cl\/web\/municipios-son-convocados-de-manera-urgente-por-el-gobierno-para-abordar-soluciones-a-la-crisis-financiera-que-los-afecta\/","title":{"rendered":"MUNICIPIOS SON CONVOCADOS DE \u201cMANERA URGENTE\u201d POR EL GOBIERNO PARA ABORDAR SOLUCIONES A LA CRISIS FINANCIERA QUE LOS AFECTA"},"content":{"rendered":"\n<p>El presidente de la Asociaci\u00f3n Chilena de Municipalidades (AChM), Alcalde de Natales, Fernando Paredes, se reuni\u00f3 con el Ministro del Interior, Gonzalo Blumel y el Subsecretario de Desarrollo Regional y Administrativo (SUBDERE), Claudio Alvarado para formar una mesa de trabajo que apunte a resolver los problemas financieros que est\u00e1n enfrentando los municipios del pa\u00eds.<\/p>\n\n\n\n<p>La reuni\u00f3n \u201cde emergencia\u201d, organizada por el Ministro del Interior, Gonzalo Blumel, surge a ra\u00edz del alarmante informe sobre finanzas municipales, elaborado por la&nbsp;AChM, que anticipa problemas en la entrega de servicios y programas sociales de las municipalidades por falta de recursos, debido a la postergaci\u00f3n de pagos como el permiso de circulaci\u00f3n, las contribuciones y otros \u00edtems que afectar\u00e1n el normal funcionamiento de los municipios del pa\u00eds.<\/p>\n\n\n\n<p>Sobre la reuni\u00f3n, el Presidente de la AChM, Fernando Paredes, se\u00f1al\u00f3 que \u201cel Gobierno ha entendido la gravedad de la situaci\u00f3n, donde los municipios estamos percibiendo menores ingresos, lo que genera un tremendo d\u00e9ficit presupuestario, para la gran&nbsp; mayor\u00eda de los municipios y principalmente los m\u00e1s pobres\u201d.<\/p>\n\n\n\n<p>Sobre las medidas concretas, para enfrentar la crisis, el jefe comunal de Natales, indic\u00f3 que \u201cfue acogida la solicitud de la AChM, para formar una mesa t\u00e9cnica conjunta, para evaluar y dimensionar el real impacto que genera para las comunas y su gente, el recibir menos ingresos\u201d agregando que \u201cel Gobierno se comprometi\u00f3 a realizar una propuesta concreta durante las pr\u00f3ximas semanas, que permita aliviar las arcas municipales\u201d.<\/p>\n\n\n\n<p>Finalmente, el Alcalde Paredes, se\u00f1al\u00f3 que \u201cme quedo con la sensaci\u00f3n de que, los municipios estamos siendo escuchados, y el Gobierno ha ratificado su compromiso de solucionar esta problem\u00e1tica, de la forma m\u00e1s efectiva posible\u201d.<\/p>\n\n\n\n<p>La AChM, inform\u00f3 que este viernes, el Directorio Nacional, compuesto por alcaldes de todos los sectores pol\u00edticos, se reunir\u00e1n con el Ministro de Hacienda, Ignacio Briones para comunicarle la magnitud de la crisis que atraviesan las municipalidades y las propuestas de soluci\u00f3n elaboradas por los propios municipios.<\/p>\n","protected":false},"excerpt":{"rendered":"<p>El presidente de la Asociaci\u00f3n Chilena de Municipalidades (AChM), Alcalde de Natales, Fernando Paredes, se reuni\u00f3 con el Ministro del Interior, Gonzalo Blumel y el Subsecretario de Desarrollo Regional y&#8230; <a class=\"read-more\" href=\"https:\/\/www.radiopresidenteibanez.cl\/web\/municipios-son-convocados-de-manera-urgente-por-el-gobierno-para-abordar-soluciones-a-la-crisis-financiera-que-los-afecta\/\">Leer m\u00e1s<\/a><\/p>\n","protected":false},"author":2,"featured_media":11088,"comment_status":"closed","ping_status":"closed","sticky":false,"template":"","format":"standard","meta":{"footnotes":""},"categories":[1],"tags":[],"class_list":["post-11086","post","type-post","status-publish","format-standard","has-post-thumbnail","hentry","category-cronica"],"_links":{"self":[{"href":"https:\/\/www.radiopresidenteibanez.cl\/web\/wp-json\/wp\/v2\/posts\/11086","targetHints":{"allow":["GET"]}}],"collection":[{"href":"https:\/\/www.radiopresidenteibanez.cl\/web\/wp-json\/wp\/v2\/posts"}],"about":[{"href":"https:\/\/www.radiopresidenteibanez.cl\/web\/wp-json\/wp\/v2\/types\/post"}],"author":[{"embeddable":true,"href":"https:\/\/www.radiopresidenteibanez.cl\/web\/wp-json\/wp\/v2\/users\/2"}],"replies":[{"embeddable":true,"href":"https:\/\/www.radiopresidenteibanez.cl\/web\/wp-json\/wp\/v2\/comments?post=11086"}],"version-history":[{"count":0,"href":"https:\/\/www.radiopresidenteibanez.cl\/web\/wp-json\/wp\/v2\/posts\/11086\/revisions"}],"wp:featuredmedia":[{"embeddable":true,"href":"https:\/\/www.radiopresidenteibanez.cl\/web\/wp-json\/wp\/v2\/media\/11088"}],"wp:attachment":[{"href":"https:\/\/www.radiopresidenteibanez.cl\/web\/wp-json\/wp\/v2\/media?parent=11086"}],"wp:term":[{"taxonomy":"category","embeddable":true,"href":"https:\/\/www.radiopresidenteibanez.cl\/web\/wp-json\/wp\/v2\/categories?post=11086"},{"taxonomy":"post_tag","embeddable":true,"href":"https:\/\/www.radiopresidenteibanez.cl\/web\/wp-json\/wp\/v2\/tags?post=11086"}],"curies":[{"name":"wp","href":"https:\/\/api.w.org\/{rel}","templated":true}]}}