{"id":11084,"date":"2020-04-16T01:08:50","date_gmt":"2020-04-16T01:08:50","guid":{"rendered":"https:\/\/www.radiopresidenteibanez.cl\/web\/?p=11084"},"modified":"2020-04-16T01:08:57","modified_gmt":"2020-04-16T01:08:57","slug":"comunicado-directivos-consejo-de-desarrollo-salud-primaria-punta-arenas","status":"publish","type":"post","link":"https:\/\/www.radiopresidenteibanez.cl\/web\/comunicado-directivos-consejo-de-desarrollo-salud-primaria-punta-arenas\/","title":{"rendered":"COMUNICADO DIRECTIVOS CONSEJO DE DESARROLLO SALUD PRIMARIA PUNTA ARENAS"},"content":{"rendered":"\n<p>En estos d\u00edas estamos complicados\npor esta pandemia del CORONAVIRUS, una situaci\u00f3n que nos genera incertidumbre,\nmiedo y tambi\u00e9n nos hace actuar de una forma diferente.&nbsp; Algunos entendemos y nos hacemos cargo del\ncuidado personal y comunitario siguiendo las indicaciones sanitarias que nos\nentregan para evitar el contagio, sin embargo, algunos no hemos tomado\nconciencia de lo que estamos viviendo y hacemos o\u00eddos sordos a todas las\nllamadas de prevenci\u00f3n y de advertencia que nos dan.&nbsp;&nbsp; \u00bfCuanta validez tendr\u00e1n estos mensajes si\nnos toca vivir el contagio en uno mismo o alg\u00fan cercano?.&nbsp; Debemos trabajar unidos para evitar el\naumento del contagio; &nbsp;hay que\nurgentemente bajar la cotidianidad de salir y cuidarnos mutuamente.<\/p>\n\n\n\n<p>Estamos urgidos e inquietos por\nel panorama econ\u00f3mico que enfrentamos al quedarnos sin trabajo o&nbsp; al no poder trabajar, especialmente, los\nartesanos u oficios de emprendimientos que se han visto menoscabados &nbsp;por esto; debemos ser inteligentes y priorizar\nlo necesario, la creatividad aflora sobretodo cuando algo nos oprime, bien lo\nsabemos quienes en el d\u00eda a d\u00eda, debemos luchar por vivir o sobrevivir.&nbsp;&nbsp; <\/p>\n\n\n\n<p>Como&nbsp; integrantes de los consejos de desarrollo\nconstantemente estamos en la palestra luchando por una mejor calidad de\natenci\u00f3n en salud, que implica tener una buena gesti\u00f3n, los insumos necesarios\ny los funcionarios adecuados para el logro de lo \u00f3ptimo.&nbsp; Hoy agradecemos infinitamente a este segmento\nde la poblaci\u00f3n, que trabajando en esta \u00e1rea, corren riesgo de contagio, est\u00e1n\nall\u00ed, no pueden quedarse en casa porque nos est\u00e1n atendiendo, pero nosotros si,\nhagamos un esfuerzo, esto no tiene &nbsp;tiempo definido de t\u00e9rmino pero si podemos\nayudar a controlarlo, evitar llegar al hospital con s\u00edntomas, privilegiemos las\nmedidas de higiene y cuidado. Un gran reconocimiento a los equipos de trabajo\ndel hospital cl\u00ednico y el apoyo que la red entrega, necesitamos que cuenten con\nlos insumos y tengan cubiertas sus necesidades, hay que darles contenci\u00f3n con\nmensajes tambi\u00e9n, reconocer el esfuerzo, nos est\u00e1n salvando y han debido\npriorizar sus afectos tambi\u00e9n y eso no lo estamos valorando.<\/p>\n\n\n\n<p>Hoy hay muchas necesidades, pero\ntambi\u00e9n muchas&nbsp; intenciones de ayuda,\nfraternidad y servicio, estamos despertando desde nuestro interior para mirar\ncon otros ojos.&nbsp; Mantengamos la calma,\ncuidemos nuestra salud mental, procuremos cultivar lo mejor de cada uno\u2026.es\ndif\u00edcil cuando la necesidad golpea d\u00eda a d\u00eda, con personas enfermas en casa,\ncon ni\u00f1os que claman jugar, adultos que buscan ingeniosamente poder dar\nrespuesta, hagamos redes de apoyos.&nbsp;&nbsp;\nRecurramos a nuestros recursos, compartamos experiencias, aprovechemos\npositivamente las redes sociales, no las colapsemos con cadenas, ofrezcamos\nnuestros dones, capacidades y habilidades.<\/p>\n\n\n\n<p>Las autoridades no est\u00e1n dando el\nancho para dar respuesta a esta realidad, reconocemos &nbsp;falta de liderazgo, miradas regionales no\nconcretas y no coordinadas, ineficiencia en la gesti\u00f3n, falta de capacidad para\npriorizar necesidades; esperamos que entiendan nuestras peticiones y ser como\nsiempre nosotros, la sociedad civil organizada, escuchados y reconocidos como\nun aporte para lograr salir delante de esta situaci\u00f3n trabajando en conjunto.\nHoy m\u00e1s que nunca es v\u00e1lido estar organizados, tener pertenencia y\nparticipaci\u00f3n en los espacios comunitarios.<\/p>\n\n\n\n<p>&nbsp;&nbsp;&nbsp;&nbsp;&nbsp;&nbsp;&nbsp; TATIANA\nLEUQUEN ALVAREZ&nbsp;&nbsp;&nbsp;&nbsp;&nbsp;&nbsp;&nbsp;&nbsp;&nbsp;&nbsp;&nbsp;&nbsp;&nbsp;&nbsp;&nbsp;&nbsp;&nbsp;&nbsp;&nbsp;&nbsp;&nbsp;&nbsp;&nbsp;&nbsp;&nbsp;&nbsp;&nbsp;&nbsp;&nbsp;&nbsp;&nbsp;&nbsp;&nbsp;&nbsp;&nbsp;&nbsp;&nbsp;&nbsp;&nbsp;&nbsp;&nbsp;&nbsp;&nbsp;&nbsp;&nbsp;&nbsp; &nbsp;&nbsp;&nbsp;&nbsp;&nbsp;&nbsp;&nbsp;JORGE GALLARDO MACHADO<\/p>\n\n\n\n<p>PDTA CONSEJOS DESARROLLO T FENTON&nbsp;&nbsp;&nbsp;&nbsp;&nbsp;&nbsp;&nbsp;&nbsp;&nbsp;&nbsp;&nbsp;&nbsp;&nbsp;&nbsp;&nbsp;&nbsp;&nbsp;&nbsp;&nbsp;&nbsp;&nbsp;&nbsp;&nbsp;&nbsp;&nbsp;&nbsp;&nbsp;&nbsp; PDTE CONSEJOS\nDESARROLLO C IBA\u00d1EZ<\/p>\n\n\n\n<p>&nbsp;&nbsp;&nbsp;&nbsp; &nbsp;ERVIRA COYOPAE COYOPAE&nbsp;&nbsp;&nbsp;&nbsp;&nbsp;&nbsp;&nbsp;&nbsp;&nbsp;&nbsp;&nbsp;&nbsp;&nbsp;&nbsp;&nbsp;&nbsp;&nbsp;&nbsp;&nbsp;&nbsp;&nbsp;&nbsp;&nbsp;&nbsp;&nbsp;&nbsp;&nbsp;&nbsp;&nbsp;&nbsp;&nbsp;&nbsp;&nbsp;&nbsp;&nbsp;&nbsp;&nbsp;&nbsp;&nbsp;&nbsp;&nbsp;&nbsp; &nbsp;&nbsp;&nbsp;&nbsp;&nbsp;&nbsp;&nbsp;&nbsp;&nbsp;MARIA ANGELICA VIDAL GARAY<\/p>\n\n\n\n<p>CONSEJO DESARROLLO M BENCUR&nbsp; &nbsp;&nbsp;&nbsp;&nbsp;&nbsp;&nbsp;&nbsp;&nbsp;&nbsp;&nbsp;&nbsp;&nbsp;&nbsp;&nbsp;&nbsp;&nbsp;&nbsp;&nbsp;&nbsp;&nbsp;&nbsp;&nbsp;&nbsp;&nbsp;&nbsp;&nbsp;&nbsp;&nbsp;&nbsp;&nbsp;&nbsp;&nbsp;&nbsp;&nbsp;&nbsp;&nbsp;&nbsp;&nbsp;&nbsp;&nbsp;&nbsp;&nbsp;&nbsp;CONSEJO\nDESARROLLO C IBA\u00d1EZ<\/p>\n\n\n\n<p>&nbsp;&nbsp;&nbsp;&nbsp;&nbsp;&nbsp;&nbsp;&nbsp;&nbsp; JOSE NECUL&nbsp; SOTO&nbsp;&nbsp;&nbsp;&nbsp;&nbsp;&nbsp;&nbsp;&nbsp;&nbsp;&nbsp;&nbsp;&nbsp;&nbsp;&nbsp;&nbsp;&nbsp;&nbsp;&nbsp;&nbsp;&nbsp;&nbsp;&nbsp;&nbsp;&nbsp;&nbsp;&nbsp;&nbsp;&nbsp;&nbsp;&nbsp;&nbsp;&nbsp;&nbsp;&nbsp;&nbsp;&nbsp; &nbsp;&nbsp;&nbsp;&nbsp;&nbsp;&nbsp;&nbsp;&nbsp;&nbsp;&nbsp;&nbsp;&nbsp;&nbsp;&nbsp;&nbsp;&nbsp;&nbsp;&nbsp;&nbsp;&nbsp;&nbsp;&nbsp;&nbsp;&nbsp;&nbsp;&nbsp;&nbsp;&nbsp;&nbsp;&nbsp;&nbsp;&nbsp;&nbsp;&nbsp;&nbsp;&nbsp;NOLVIA DIAZ VELASQUEZ<\/p>\n\n\n\n<p>PDTE CONSEJOS DESARROLLO&nbsp;&nbsp;&nbsp;&nbsp;&nbsp;&nbsp;&nbsp;&nbsp;&nbsp;&nbsp;&nbsp;&nbsp;&nbsp;&nbsp;&nbsp;&nbsp;&nbsp;&nbsp;&nbsp;&nbsp;&nbsp;&nbsp;&nbsp;&nbsp;&nbsp;&nbsp;&nbsp;&nbsp;&nbsp;&nbsp;&nbsp;&nbsp;&nbsp;&nbsp;&nbsp;&nbsp;&nbsp;&nbsp;&nbsp;&nbsp;&nbsp;&nbsp;&nbsp;&nbsp;&nbsp;&nbsp;&nbsp;&nbsp;&nbsp;&nbsp;&nbsp;&nbsp;&nbsp;&nbsp;&nbsp;&nbsp;&nbsp;&nbsp;&nbsp;&nbsp;\nPDTA CONSEJO DESARROLLO<\/p>\n\n\n\n<p>&nbsp;CECOSF\nFORTALECIENDO VIDAS&nbsp;&nbsp;&nbsp;&nbsp;&nbsp;&nbsp;&nbsp;&nbsp;&nbsp;&nbsp;&nbsp;&nbsp;&nbsp; &nbsp;&nbsp;&nbsp;&nbsp;&nbsp;&nbsp;&nbsp;&nbsp;&nbsp;&nbsp;&nbsp;&nbsp;&nbsp;&nbsp;&nbsp;&nbsp;&nbsp;&nbsp;&nbsp;&nbsp;&nbsp;&nbsp;&nbsp;&nbsp;&nbsp;&nbsp;&nbsp;&nbsp;&nbsp;&nbsp;&nbsp;&nbsp;&nbsp;&nbsp;&nbsp;&nbsp;&nbsp;&nbsp;&nbsp;&nbsp;&nbsp;&nbsp;&nbsp;&nbsp;&nbsp;&nbsp;&nbsp;&nbsp;&nbsp;&nbsp;&nbsp;&nbsp;&nbsp;&nbsp;&nbsp;&nbsp;&nbsp;RIO SECO<\/p>\n\n\n\n<p>SONIA ANDRADE\nMU\u00d1OZ<\/p>\n\n\n\n<p>PDTA CONSEJOS\nDESARROLLO 18 DE SEPT<\/p>\n","protected":false},"excerpt":{"rendered":"<p>En estos d\u00edas estamos complicados por esta pandemia del CORONAVIRUS, una situaci\u00f3n que nos genera incertidumbre, miedo y tambi\u00e9n nos hace actuar de una forma diferente.&nbsp; Algunos entendemos y nos&#8230; <a class=\"read-more\" href=\"https:\/\/www.radiopresidenteibanez.cl\/web\/comunicado-directivos-consejo-de-desarrollo-salud-primaria-punta-arenas\/\">Leer m\u00e1s<\/a><\/p>\n","protected":false},"author":2,"featured_media":740,"comment_status":"closed","ping_status":"closed","sticky":false,"template":"","format":"standard","meta":{"footnotes":""},"categories":[1],"tags":[],"class_list":["post-11084","post","type-post","status-publish","format-standard","has-post-thumbnail","hentry","category-cronica"],"_links":{"self":[{"href":"https:\/\/www.radiopresidenteibanez.cl\/web\/wp-json\/wp\/v2\/posts\/11084","targetHints":{"allow":["GET"]}}],"collection":[{"href":"https:\/\/www.radiopresidenteibanez.cl\/web\/wp-json\/wp\/v2\/posts"}],"about":[{"href":"https:\/\/www.radiopresidenteibanez.cl\/web\/wp-json\/wp\/v2\/types\/post"}],"author":[{"embeddable":true,"href":"https:\/\/www.radiopresidenteibanez.cl\/web\/wp-json\/wp\/v2\/users\/2"}],"replies":[{"embeddable":true,"href":"https:\/\/www.radiopresidenteibanez.cl\/web\/wp-json\/wp\/v2\/comments?post=11084"}],"version-history":[{"count":0,"href":"https:\/\/www.radiopresidenteibanez.cl\/web\/wp-json\/wp\/v2\/posts\/11084\/revisions"}],"wp:featuredmedia":[{"embeddable":true,"href":"https:\/\/www.radiopresidenteibanez.cl\/web\/wp-json\/wp\/v2\/media\/740"}],"wp:attachment":[{"href":"https:\/\/www.radiopresidenteibanez.cl\/web\/wp-json\/wp\/v2\/media?parent=11084"}],"wp:term":[{"taxonomy":"category","embeddable":true,"href":"https:\/\/www.radiopresidenteibanez.cl\/web\/wp-json\/wp\/v2\/categories?post=11084"},{"taxonomy":"post_tag","embeddable":true,"href":"https:\/\/www.radiopresidenteibanez.cl\/web\/wp-json\/wp\/v2\/tags?post=11084"}],"curies":[{"name":"wp","href":"https:\/\/api.w.org\/{rel}","templated":true}]}}