{"id":11080,"date":"2020-04-16T00:52:54","date_gmt":"2020-04-16T00:52:54","guid":{"rendered":"https:\/\/www.radiopresidenteibanez.cl\/web\/?p=11080"},"modified":"2020-04-16T00:52:58","modified_gmt":"2020-04-16T00:52:58","slug":"en-primera-jornada-comision-de-libertad-condicional-de-magallanes-acogio-6-solicitudes-de-punta-arenas-y-puerto-natales","status":"publish","type":"post","link":"https:\/\/www.radiopresidenteibanez.cl\/web\/en-primera-jornada-comision-de-libertad-condicional-de-magallanes-acogio-6-solicitudes-de-punta-arenas-y-puerto-natales\/","title":{"rendered":"EN PRIMERA JORNADA COMISI\u00d3N DE LIBERTAD CONDICIONAL DE MAGALLANES ACOGI\u00d3 6 SOLICITUDES DE PUNTA ARENAS Y PUERTO NATALES"},"content":{"rendered":"\n<p>En su primera sesi\u00f3n del a\u00f1o y mediante el sistema de videoconferencia, se realiz\u00f3 la Comisi\u00f3n de Libertad Condicional de la jurisdicci\u00f3n de Punta Arenas, presidida por la ministra de la Corte de Apelaciones Marta Jimena Pinto e integrada por los magistrados Jos\u00e9 Octavio Flores, Jovita Soto y Guillermo C\u00e1diz del Tribunal de Juicio Oral en lo Penal de Punta Arenas y el magistrado del Juzgado de Garant\u00eda Juan Villa. Actu\u00f3 como ministra de fe la secretaria (s) de la Corte Valeria Giuliucci.<\/p>\n\n\n\n<p>En la jornada de hoy acogi\u00f3 6 solicitudes de libertades condicionales correspondientes a tres internos del Centro de Educaci\u00f3n y Trabajo de Punta Arenas y a tres internos de Puerto Natales, de un total de 12 revisadas.<\/p>\n\n\n\n<p>En total, fueron presentadas 29 solicitudes por internos de las unidades penales de la regi\u00f3n: 25 de Punta Arenas, 3 de Puerto Natales y uno de Porvenir. Las restantes 17 ser\u00e1n vistas en la jornada del jueves, tambi\u00e9n mediante videoconferencia.<\/p>\n\n\n\n<p>La comisi\u00f3n -que cumple funciones como \u00f3rgano aut\u00f3nomo administrativo y se re\u00fane en abril y octubre de cada a\u00f1o- se rige bajo la ley N\u00b0 21.124 de 18 de enero de 2019, que modific\u00f3 el Decreto Ley N\u00b0 321 de 1925. Entre los principales cambios en materia de requisitos para obtener el beneficio, todos los postulantes deben haber cumplido la mitrad de su condena (2\/3 en caso de delitos graves) y contar con un informe de postulaci\u00f3n psicosocial elaborado por Gendarmer\u00eda.<\/p>\n","protected":false},"excerpt":{"rendered":"<p>En su primera sesi\u00f3n del a\u00f1o y mediante el sistema de videoconferencia, se realiz\u00f3 la Comisi\u00f3n de Libertad Condicional de la jurisdicci\u00f3n de Punta Arenas, presidida por la ministra de&#8230; <a class=\"read-more\" href=\"https:\/\/www.radiopresidenteibanez.cl\/web\/en-primera-jornada-comision-de-libertad-condicional-de-magallanes-acogio-6-solicitudes-de-punta-arenas-y-puerto-natales\/\">Leer m\u00e1s<\/a><\/p>\n","protected":false},"author":2,"featured_media":3517,"comment_status":"closed","ping_status":"closed","sticky":false,"template":"","format":"standard","meta":{"footnotes":""},"categories":[1],"tags":[],"class_list":["post-11080","post","type-post","status-publish","format-standard","has-post-thumbnail","hentry","category-cronica"],"_links":{"self":[{"href":"https:\/\/www.radiopresidenteibanez.cl\/web\/wp-json\/wp\/v2\/posts\/11080","targetHints":{"allow":["GET"]}}],"collection":[{"href":"https:\/\/www.radiopresidenteibanez.cl\/web\/wp-json\/wp\/v2\/posts"}],"about":[{"href":"https:\/\/www.radiopresidenteibanez.cl\/web\/wp-json\/wp\/v2\/types\/post"}],"author":[{"embeddable":true,"href":"https:\/\/www.radiopresidenteibanez.cl\/web\/wp-json\/wp\/v2\/users\/2"}],"replies":[{"embeddable":true,"href":"https:\/\/www.radiopresidenteibanez.cl\/web\/wp-json\/wp\/v2\/comments?post=11080"}],"version-history":[{"count":0,"href":"https:\/\/www.radiopresidenteibanez.cl\/web\/wp-json\/wp\/v2\/posts\/11080\/revisions"}],"wp:featuredmedia":[{"embeddable":true,"href":"https:\/\/www.radiopresidenteibanez.cl\/web\/wp-json\/wp\/v2\/media\/3517"}],"wp:attachment":[{"href":"https:\/\/www.radiopresidenteibanez.cl\/web\/wp-json\/wp\/v2\/media?parent=11080"}],"wp:term":[{"taxonomy":"category","embeddable":true,"href":"https:\/\/www.radiopresidenteibanez.cl\/web\/wp-json\/wp\/v2\/categories?post=11080"},{"taxonomy":"post_tag","embeddable":true,"href":"https:\/\/www.radiopresidenteibanez.cl\/web\/wp-json\/wp\/v2\/tags?post=11080"}],"curies":[{"name":"wp","href":"https:\/\/api.w.org\/{rel}","templated":true}]}}