{"id":11078,"date":"2020-04-16T00:32:13","date_gmt":"2020-04-16T00:32:13","guid":{"rendered":"https:\/\/www.radiopresidenteibanez.cl\/web\/?p=11078"},"modified":"2020-04-16T00:32:17","modified_gmt":"2020-04-16T00:32:17","slug":"seremi-del-trabajo-informa-fechas-y-procesos-para-acceder-a-ingreso-minimo-garantizado","status":"publish","type":"post","link":"https:\/\/www.radiopresidenteibanez.cl\/web\/seremi-del-trabajo-informa-fechas-y-procesos-para-acceder-a-ingreso-minimo-garantizado\/","title":{"rendered":"SEREMI DEL TRABAJO INFORMA FECHAS Y PROCESOS PARA ACCEDER A INGRESO M\u00cdNIMO GARANTIZADO"},"content":{"rendered":"\n<p>En medio de\nesta emergencia sanitaria que estamos viviendo como regi\u00f3n y pa\u00eds, hay buenas\nnoticias para los m\u00e1s de 4 mil trabajadores magall\u00e1nicos que reciben el ingreso\nm\u00ednimo, porque a partir de hoy mi\u00e9rcoles 15 de abril, quienes cumplan con los\nrequisitos exigidos por la ley de Ingreso M\u00ednimo Garantizado podr\u00e1n iniciar sus\ntr\u00e1mites para recibir este importante subsidio del gobierno.<\/p>\n\n\n\n<p>As\u00ed lo\nanunci\u00f3 la Seremi del Trabajo y Previsi\u00f3n Social, Victoria Cort\u00e9s Schiattino,\nquien se\u00f1al\u00f3 que a trav\u00e9s del sitio habilitado <a href=\"http:\/\/www.ingresominimo.cl\">www.ingresominimo.cl<\/a>, aquellas\npersonas que ganen menos de $384 mil brutos podr\u00e1n ingresar sus datos para\nsolicitar este beneficio.<\/p>\n\n\n\n<p>\u201cYa lo\nhab\u00edamos comentado con anterioridad, en un importante esfuerzo del gobierno del\nPresidente Sebasti\u00e1n Pi\u00f1era, a partir de hoy, mi\u00e9rcoles 15 de abril, los\ntrabajadores que cuenten con un contrato vigente, cumplan una jornada laboral\ncompleta de m\u00e1s de 30 horas semanales y acrediten ingresos de menos de $384 mil\nbrutos, podr\u00e1n ingresar a este sitio web, llenar los datos del formulario en\nl\u00ednea y esperar la confirmaci\u00f3n de su pago, que vendr\u00e1 a incrementar de manera\nimportante sus remuneraciones\u201d, inform\u00f3 la autoridad.<\/p>\n\n\n\n<p>Una vez\nobtenida la validaci\u00f3n de los datos y conformidad de los requisitos, a fines\ndel mes de mayo pr\u00f3ximo se realizar\u00e1 el primer pago mensual del beneficio. <\/p>\n\n\n\n<p>Los trabajadores\npodr\u00e1n postular a este beneficio hasta el mes de abril de 2021, despu\u00e9s el pago\nser\u00e1 autom\u00e1tico para ellos.<\/p>\n\n\n\n<p>\u201cHay que\nrecordar que, para quienes ganaban el sueldo m\u00ednimo de $301 mil pesos hasta\nfebrero de este a\u00f1o, el primer pago del subsidio ser\u00e1 de $59.200. Dado que el\ningreso m\u00ednimo a partir de marzo pasado se increment\u00f3 a $320.500, los pagos\nsiguientes ser\u00e1n de $45.353, con lo cual, los trabajadores que reciban este\ningreso tendr\u00e1n una remuneraci\u00f3n bruta de $365.853, insistimos en que el monto\na\u00fan no es suficiente, pero sin duda se transformar\u00e1 en una ayuda para estos\ntrabajadores y sus familias\u201d, agreg\u00f3 la Seremi. <\/p>\n\n\n\n<p>A nivel\nnacional, ser\u00e1n cerca de 700 mil los trabajadores beneficiados por este\nsubsidio, mientras que, en Magallanes, el n\u00famero de potenciales beneficiarios\nes de sobre 4.100 personas.<\/p>\n","protected":false},"excerpt":{"rendered":"<p>En medio de esta emergencia sanitaria que estamos viviendo como regi\u00f3n y pa\u00eds, hay buenas noticias para los m\u00e1s de 4 mil trabajadores magall\u00e1nicos que reciben el ingreso m\u00ednimo, porque&#8230; <a class=\"read-more\" href=\"https:\/\/www.radiopresidenteibanez.cl\/web\/seremi-del-trabajo-informa-fechas-y-procesos-para-acceder-a-ingreso-minimo-garantizado\/\">Leer m\u00e1s<\/a><\/p>\n","protected":false},"author":2,"featured_media":10712,"comment_status":"closed","ping_status":"closed","sticky":false,"template":"","format":"standard","meta":{"footnotes":""},"categories":[1],"tags":[],"class_list":["post-11078","post","type-post","status-publish","format-standard","has-post-thumbnail","hentry","category-cronica"],"_links":{"self":[{"href":"https:\/\/www.radiopresidenteibanez.cl\/web\/wp-json\/wp\/v2\/posts\/11078","targetHints":{"allow":["GET"]}}],"collection":[{"href":"https:\/\/www.radiopresidenteibanez.cl\/web\/wp-json\/wp\/v2\/posts"}],"about":[{"href":"https:\/\/www.radiopresidenteibanez.cl\/web\/wp-json\/wp\/v2\/types\/post"}],"author":[{"embeddable":true,"href":"https:\/\/www.radiopresidenteibanez.cl\/web\/wp-json\/wp\/v2\/users\/2"}],"replies":[{"embeddable":true,"href":"https:\/\/www.radiopresidenteibanez.cl\/web\/wp-json\/wp\/v2\/comments?post=11078"}],"version-history":[{"count":0,"href":"https:\/\/www.radiopresidenteibanez.cl\/web\/wp-json\/wp\/v2\/posts\/11078\/revisions"}],"wp:featuredmedia":[{"embeddable":true,"href":"https:\/\/www.radiopresidenteibanez.cl\/web\/wp-json\/wp\/v2\/media\/10712"}],"wp:attachment":[{"href":"https:\/\/www.radiopresidenteibanez.cl\/web\/wp-json\/wp\/v2\/media?parent=11078"}],"wp:term":[{"taxonomy":"category","embeddable":true,"href":"https:\/\/www.radiopresidenteibanez.cl\/web\/wp-json\/wp\/v2\/categories?post=11078"},{"taxonomy":"post_tag","embeddable":true,"href":"https:\/\/www.radiopresidenteibanez.cl\/web\/wp-json\/wp\/v2\/tags?post=11078"}],"curies":[{"name":"wp","href":"https:\/\/api.w.org\/{rel}","templated":true}]}}