{"id":11075,"date":"2020-04-16T00:29:24","date_gmt":"2020-04-16T00:29:24","guid":{"rendered":"https:\/\/www.radiopresidenteibanez.cl\/web\/?p=11075"},"modified":"2020-04-16T00:29:29","modified_gmt":"2020-04-16T00:29:29","slug":"senador-carlos-bianchi-solicito-adoptar-medidas-administrativas-y-las-que-sean-necesarias-para-modificar-la-legislacion-para-establecer-a-enap-magallanes-como-empresa-estrategica","status":"publish","type":"post","link":"https:\/\/www.radiopresidenteibanez.cl\/web\/senador-carlos-bianchi-solicito-adoptar-medidas-administrativas-y-las-que-sean-necesarias-para-modificar-la-legislacion-para-establecer-a-enap-magallanes-como-empresa-estrategica\/","title":{"rendered":"SENADOR CARLOS BIANCHI SOLICIT\u00d3 ADOPTAR MEDIDAS ADMINISTRATIVAS Y LAS QUE SEAN NECESARIAS PARA MODIFICAR LA LEGISLACI\u00d3N PARA ESTABLECER A ENAP MAGALLANES COMO EMPRESA ESTRAT\u00c9GICA"},"content":{"rendered":"\n<p>El senador de Magallanes\nCarlos Bianchi dijo que m\u00e1s all\u00e1 de las distintas opiniones que se han dado en\nel pasado respecto a la estrategia comercial que pueda cumplir ENAP, lo cierto\nes que ha quedado de manifiesto que en nuestro territorio austral, ENAP es una\nempresa estrat\u00e9gica, principalmente al ser la principal productora de gas\nnatural, elemento que es de vital importancia para las diversas \u00e1reas de la\ncadena de productividad que van desde los servicios b\u00e1sicos, pasando por el\ntransporte de pasajeros, empresas y el consumo domiciliario. <\/p>\n\n\n\n<p>En este punto dijo que\nresulta contradictorio que GASCO sea empresa estrat\u00e9gica y no ENAP que es la\ncompa\u00f1\u00eda productora y le provee el gas para su distribuci\u00f3n.<\/p>\n\n\n\n<p>El parlamentario, expres\u00f3\nque nuestra legislaci\u00f3n sigue al debe, tal como como oportunamente lo plante\u00f3,\nal no reconocer la funci\u00f3n estrat\u00e9gica de la Empresa Nacional del Petr\u00f3leo en\nla regi\u00f3n de Magallanes. Por lo que solicit\u00f3 oficiar al Ministro de Energ\u00eda, al\nMinistro Secretario General de la Presidencia, al directorio del Gobierno\nCorporativo de la Empresa Nacional del Petr\u00f3leo, ENAP y al Intendente de la\nregi\u00f3n sobre esta materia.<\/p>\n\n\n\n<p>Bianchi expres\u00f3 que la\npandemia del COVID 19 ha dejado en evidencia una serie de situaciones en las\nque como pa\u00eds no hab\u00edamos adoptados medidas preventivas para enfrentar\nemergencias como las que estamos viviendo y que han motivado que se decrete un\nestado de excepci\u00f3n constitucional por cat\u00e1strofe. <\/p>\n\n\n\n<p>En lo particular, ENAP\nMagallanes, ya ha reportado personal contagiado con COVID 19 lo que ha derivado\nen que parte de su personal en faenas de terreno ha debido acogerse a\ncuarentenas obligatorias, situaci\u00f3n similar ha ocurrido con el personal\nadministrativo debido a la declaraci\u00f3n de cuarentena o trabajadoras y\ntrabajadores que deben sortear los cordones sanitarios para cumplir con sus\nfunciones.<\/p>\n\n\n\n<p>Por lo anterior y otras\nconsideraciones que se nos ha informado han sido canalizadas a trav\u00e9s de la\ngerencia regional de la empresa es que solicit\u00f3 se adopten medidas y coordinar\ncon las autoridades sanitarias y las encargadas del estado de excepci\u00f3n para\notorgar las facilidades a los trabajadores de ENAP Magallanes como si se\ntratara de una empresa estrat\u00e9gica, tal como ocurre con empresas distribuidoras\nen los servicios b\u00e1sicos, que en el caso de la regi\u00f3n, el gas natural es un\nsuministro b\u00e1sico para sus habitantes. <\/p>\n\n\n\n<p>Sumado a lo anterior, de\nllegar a existir un brote mayor de personas contagiadas en esta empresa no\nexisten pre establecida medida legal alguna que permita a la compa\u00f1\u00eda por\nejemplo contratar servicios extras y temporales para enfrentar una situaci\u00f3n de\nemergencia por falta de personal capacitado ante una agudizaci\u00f3n de la\npandemia, lo que provocar\u00eda insospechadas consecuencias. <\/p>\n\n\n\n<p>Sin perjuicio de lo\nexpuesto, el senador Bianchi solicit\u00f3 adoptar e iniciar los cambios legales\ncorrespondientes para que a lo menos ENAP Magallanes, sea considerada como\nempresa estrat\u00e9gica como ha quedado en evidencia ante la actual situaci\u00f3n de\nemergencia sanitaria que vive el pa\u00eds.<\/p>\n","protected":false},"excerpt":{"rendered":"<p>El senador de Magallanes Carlos Bianchi dijo que m\u00e1s all\u00e1 de las distintas opiniones que se han dado en el pasado respecto a la estrategia comercial que pueda cumplir ENAP,&#8230; <a class=\"read-more\" href=\"https:\/\/www.radiopresidenteibanez.cl\/web\/senador-carlos-bianchi-solicito-adoptar-medidas-administrativas-y-las-que-sean-necesarias-para-modificar-la-legislacion-para-establecer-a-enap-magallanes-como-empresa-estrategica\/\">Leer m\u00e1s<\/a><\/p>\n","protected":false},"author":2,"featured_media":11076,"comment_status":"closed","ping_status":"closed","sticky":false,"template":"","format":"standard","meta":{"footnotes":""},"categories":[1],"tags":[],"class_list":["post-11075","post","type-post","status-publish","format-standard","has-post-thumbnail","hentry","category-cronica"],"_links":{"self":[{"href":"https:\/\/www.radiopresidenteibanez.cl\/web\/wp-json\/wp\/v2\/posts\/11075","targetHints":{"allow":["GET"]}}],"collection":[{"href":"https:\/\/www.radiopresidenteibanez.cl\/web\/wp-json\/wp\/v2\/posts"}],"about":[{"href":"https:\/\/www.radiopresidenteibanez.cl\/web\/wp-json\/wp\/v2\/types\/post"}],"author":[{"embeddable":true,"href":"https:\/\/www.radiopresidenteibanez.cl\/web\/wp-json\/wp\/v2\/users\/2"}],"replies":[{"embeddable":true,"href":"https:\/\/www.radiopresidenteibanez.cl\/web\/wp-json\/wp\/v2\/comments?post=11075"}],"version-history":[{"count":0,"href":"https:\/\/www.radiopresidenteibanez.cl\/web\/wp-json\/wp\/v2\/posts\/11075\/revisions"}],"wp:featuredmedia":[{"embeddable":true,"href":"https:\/\/www.radiopresidenteibanez.cl\/web\/wp-json\/wp\/v2\/media\/11076"}],"wp:attachment":[{"href":"https:\/\/www.radiopresidenteibanez.cl\/web\/wp-json\/wp\/v2\/media?parent=11075"}],"wp:term":[{"taxonomy":"category","embeddable":true,"href":"https:\/\/www.radiopresidenteibanez.cl\/web\/wp-json\/wp\/v2\/categories?post=11075"},{"taxonomy":"post_tag","embeddable":true,"href":"https:\/\/www.radiopresidenteibanez.cl\/web\/wp-json\/wp\/v2\/tags?post=11075"}],"curies":[{"name":"wp","href":"https:\/\/api.w.org\/{rel}","templated":true}]}}