{"id":11073,"date":"2020-04-16T00:26:13","date_gmt":"2020-04-16T00:26:13","guid":{"rendered":"https:\/\/www.radiopresidenteibanez.cl\/web\/?p=11073"},"modified":"2020-04-16T00:26:32","modified_gmt":"2020-04-16T00:26:32","slug":"municipios-piden-postergar-vuelta-a-clases-por-situacion-del-coronavirus","status":"publish","type":"post","link":"https:\/\/www.radiopresidenteibanez.cl\/web\/municipios-piden-postergar-vuelta-a-clases-por-situacion-del-coronavirus\/","title":{"rendered":"MUNICIPIOS PIDEN POSTERGAR VUELTA A CLASES POR SITUACI\u00d3N DEL CORONAVIRUS"},"content":{"rendered":"\n<p>El presidente de la Asociaci\u00f3n Chilena de Municipalidades (AChM), Fernando Paredes; junto a Bernardo V\u00e1squez, Alcalde de Pelarco y presidente de la Comisi\u00f3n de Educaci\u00f3n, se reunieron con el Ministro de Educaci\u00f3n, Ra\u00fal Figueroa, para solicitar la postergaci\u00f3n del reinicio de clases el 27 de abril, debido al \u201cpeak\u201d de contagios por Covid-19.<\/p>\n\n\n\n<p>Sobre la reuni\u00f3n, y la vuelta a clases de los estudiantes, el Presidente Paredes se\u00f1al\u00f3 que \u00able insistimos al Ministro que no existe posibilidad alguna de retomar las clases el 27 de abril, al menos de manera presencial\u00bb.<\/p>\n\n\n\n<p>Mientras que, el jefe comunal de Pelarco, apoy\u00f3 la moci\u00f3n de postergar la vuelta a clases, a\u00f1adiendo que \u00abvaloramos la disposici\u00f3n de di\u00e1logo del Ministro Figueroa, quien ha instaurado un canal de comunicaci\u00f3n permanente con los alcaldes, generando un espacio de conversaci\u00f3n telem\u00e1tica constante\u201d.<\/p>\n\n\n\n<p>Sobre la puesta en marcha de la iniciativa del Consejo Nacional de Televisi\u00f3n (CNTV), \u201cTV Educa\u201d, el Alcalde Paredes, indic\u00f3 que \u201ccomo Asociaci\u00f3n, valoramos enormemente la iniciativa, que ayuda a disminuir las brechas de comunicaci\u00f3n, facilitando la masificaci\u00f3n de las clases digitales\u201d.<\/p>\n\n\n\n<p>Por su parte, el Alcalde de Pelarco, se refiri\u00f3 al nuevo canal educativo indicando que \u201cespero que sea una medida que llegue para quedarse\u201d agregando \u201ces una iniciativa que valoramos y es una tremenda oportunidad para mejorar los contenidos y explotar elementos educativos a trav\u00e9s de la televisi\u00f3n\u201d.<\/p>\n\n\n\n<p>Desde la AChM se\u00f1alaron la importancia de incorporar canales de TV regionales y comunales, para extender el rango de alcance de la se\u00f1al educativa, asegurando que&nbsp; llegue a todos los rincones del pa\u00eds.<\/p>\n\n\n\n<p>TV Educa Chile, es el nombre de una nueva se\u00f1al de televisi\u00f3n abierta, donde los canales de televisi\u00f3n, contribuir\u00e1n con material educativo y contenido pedag\u00f3gico curricular de acuerdo a los lineamientos del Ministerio de Educaci\u00f3n. TV Educa, estar\u00e1 disponible a partir del lunes 27 de abril, una vez reanudadas las clases escolares, transmitiendo contenidos y series educativas del Consejo Nacional de Televisi\u00f3n. Esta se\u00f1al emitir\u00e1 programaci\u00f3n de 07:00 a 23 horas.<\/p>\n\n\n\n<p>La oferta program\u00e1tica del&nbsp; CNTV, contempla 20 series con m\u00e1s de 150 cap\u00edtulos para diferentes edades y \u00e1reas de conocimiento: Historia, Geograf\u00eda y Ciencias Sociales; Ciencias, Tecnolog\u00eda y Medio ambiente; series asociadas a Lenguaje y asociadas al \u00e1mbito de las artes visuales y musicales.<\/p>\n","protected":false},"excerpt":{"rendered":"<p>El presidente de la Asociaci\u00f3n Chilena de Municipalidades (AChM), Fernando Paredes; junto a Bernardo V\u00e1squez, Alcalde de Pelarco y presidente de la Comisi\u00f3n de Educaci\u00f3n, se reunieron con el Ministro&#8230; <a class=\"read-more\" href=\"https:\/\/www.radiopresidenteibanez.cl\/web\/municipios-piden-postergar-vuelta-a-clases-por-situacion-del-coronavirus\/\">Leer m\u00e1s<\/a><\/p>\n","protected":false},"author":2,"featured_media":8214,"comment_status":"closed","ping_status":"closed","sticky":false,"template":"","format":"standard","meta":{"footnotes":""},"categories":[1],"tags":[],"class_list":["post-11073","post","type-post","status-publish","format-standard","has-post-thumbnail","hentry","category-cronica"],"_links":{"self":[{"href":"https:\/\/www.radiopresidenteibanez.cl\/web\/wp-json\/wp\/v2\/posts\/11073","targetHints":{"allow":["GET"]}}],"collection":[{"href":"https:\/\/www.radiopresidenteibanez.cl\/web\/wp-json\/wp\/v2\/posts"}],"about":[{"href":"https:\/\/www.radiopresidenteibanez.cl\/web\/wp-json\/wp\/v2\/types\/post"}],"author":[{"embeddable":true,"href":"https:\/\/www.radiopresidenteibanez.cl\/web\/wp-json\/wp\/v2\/users\/2"}],"replies":[{"embeddable":true,"href":"https:\/\/www.radiopresidenteibanez.cl\/web\/wp-json\/wp\/v2\/comments?post=11073"}],"version-history":[{"count":0,"href":"https:\/\/www.radiopresidenteibanez.cl\/web\/wp-json\/wp\/v2\/posts\/11073\/revisions"}],"wp:featuredmedia":[{"embeddable":true,"href":"https:\/\/www.radiopresidenteibanez.cl\/web\/wp-json\/wp\/v2\/media\/8214"}],"wp:attachment":[{"href":"https:\/\/www.radiopresidenteibanez.cl\/web\/wp-json\/wp\/v2\/media?parent=11073"}],"wp:term":[{"taxonomy":"category","embeddable":true,"href":"https:\/\/www.radiopresidenteibanez.cl\/web\/wp-json\/wp\/v2\/categories?post=11073"},{"taxonomy":"post_tag","embeddable":true,"href":"https:\/\/www.radiopresidenteibanez.cl\/web\/wp-json\/wp\/v2\/tags?post=11073"}],"curies":[{"name":"wp","href":"https:\/\/api.w.org\/{rel}","templated":true}]}}