{"id":11066,"date":"2020-04-16T00:24:06","date_gmt":"2020-04-16T00:24:06","guid":{"rendered":"https:\/\/www.radiopresidenteibanez.cl\/web\/?p=11066"},"modified":"2020-04-16T00:24:10","modified_gmt":"2020-04-16T00:24:10","slug":"mas-de-9-mil-solicitudes-ingresaron-a-la-agenda-social-municipal-en-la-primera-semana-de-funcionamiento","status":"publish","type":"post","link":"https:\/\/www.radiopresidenteibanez.cl\/web\/mas-de-9-mil-solicitudes-ingresaron-a-la-agenda-social-municipal-en-la-primera-semana-de-funcionamiento\/","title":{"rendered":"M\u00c1S DE 9 MIL SOLICITUDES INGRESARON A LA AGENDA SOCIAL MUNICIPAL EN LA PRIMERA SEMANA DE FUNCIONAMIENTO"},"content":{"rendered":"\n<p>Una gran demanda de solicitudes ha tenido, en su primera\nsemana de funcionamiento, la Agenda Social implementada desde la Direcci\u00f3n de\nDesarrollo Comunitario del Municipio de Punta Arenas, para ayudar a los vecinos\nde la comuna en materia de arriendos, alimentaci\u00f3n, medicamentos, servicios\nb\u00e1sicos y pa\u00f1ales.<\/p>\n\n\n\n<p>Durante la primera semana de funcionamiento, ya se han\nrecibido m\u00e1s de 9 mil solicitudes a trav\u00e9s de llamados telef\u00f3nicos y correos\nelectr\u00f3nicos, restando muchas que no han podido ser atendidas a\u00fan, debido a la\nalta demanda existente.<\/p>\n\n\n\n<p>\u201cEl jueves 9 de abril, el primer d\u00eda de funcionamiento\n\u00edntegro que tuvimos, entraron m\u00e1s de 2.200 llamadas y m\u00e1s de 1.300 correos\nelectr\u00f3nicos, una cifra nunca vista, tomando en cuenta que en Dideco, de manera\npresencial, se atend\u00edan m\u00e1ximo 30 o 40 personas al d\u00eda\u201d, indic\u00f3 el alcalde de\nPunta Arenas, Claudio Radonich.<\/p>\n\n\n\n<p>Por su parte, la directora de Desarrollo Comunitario, Elena\nBlackwood, realiz\u00f3 un llamado a la comunidad a la comprensi\u00f3n. \u201cYo le quiero\npedir a la gente paciencia. Nosotros estamos haciendo esto con una tremenda\nresponsabilidad. Ac\u00e1 los recursos que se han destinado son recursos p\u00fablicos,\nel Municipio es fiscalizado por la Contralor\u00eda, por lo tanto cada aporte que\nhacemos tiene que ser con una rendici\u00f3n, con la documentaci\u00f3n que se requiere\u201d,\nafirm\u00f3 la directora de Desarrollo Comunitario, Elena Blackwood, indicando que\nigual se ha buscado flexibilizar los procesos a trav\u00e9s de la modificaci\u00f3n de\nalgunos decretos, para poder llegar a la mayor cantidad de vecinos posible.<\/p>\n\n\n\n<p>Seg\u00fan se indic\u00f3, del total de llamadas y correos\nelectr\u00f3nicos recibidos, cerca de un 25% se concretan en apoyos reales, debido a\nque entre un 40% y 45% de las llamadas son realizadas s\u00f3lo para consultas\ngenerales sobre la ayuda que se est\u00e1 entregando, sin una solicitud concreta de\nlos vecinos. \u201cNosotros lo que hemos pedido es que, por favor, los correos los\ncompleten con la mayor cantidad de informaci\u00f3n que puedan, porque eso facilita\nel proceso. Los correos que vienen con toda la informaci\u00f3n pasan directo a las\nasistentes sociales\u201d, se\u00f1al\u00f3 la directora de Desarrollo Comunitario, agregando\nque a la fecha ya hay 600 casos con evaluaci\u00f3n social.<\/p>\n\n\n\n<p>Por otro lado, se explic\u00f3 que se est\u00e1n reforzando los\nequipos para poder mejorar el nivel de respuesta a los vecinos, para lo cual se\nhan destinado a asistentes sociales que trabajaban en otros departamentos\nmunicipales, para que se unan a la Agenda Social. Junto con ello, la semana\npasada se sum\u00f3 nuevo personal administrativo destinado exclusivamente a responder\nlos correos electr\u00f3nicos, tarea que en principio realizaba la misma persona que\nrespond\u00eda tel\u00e9fonos.<\/p>\n\n\n\n<p>\u201cLo que estamos tratando de hacer es ser bien justos en la\nentrega de estos beneficios y se analiza caso a caso. Ac\u00e1 las asistentes\nsociales tienen una tarea s\u00faper importante, relevante, porque ellas son\nfinalmente las que van resolviendo de acuerdo a los antecedentes que eval\u00faan. Y\nhay que considerar adem\u00e1s, que no estamos haciendo visitas domiciliarias, que\nera parte de las tareas de las asistentes. Nosotros estamos haciendo todas las\nentrevistas v\u00eda telef\u00f3nica, y por eso le pedimos a las personas que sean bien\nclaras en la explicaci\u00f3n de su situaci\u00f3n\u201d, agreg\u00f3 Elena Blackwood, haciendo\n\u00e9nfasis en que hay requisitos para las personas que tienen su Registro Social\nde Hogares bajo el 60%, otros requisitos para quienes tienen sobre ese tramo, y\notros para los que no cuentan con el Registro Social de Hogares.<\/p>\n\n\n\n<p>Requisitos<\/p>\n\n\n\n<p>Con el objetivo de acelerar la tramitaci\u00f3n de los beneficios\na la gran cantidad de vecinos de Punta Arenas que as\u00ed lo requieren, se entreg\u00f3\nel listado de los requisitos para las distintas prioridades.<\/p>\n\n\n\n<p>En este contexto, se solicit\u00f3 que al momento de llamar o\nescribir correos, se adjunten o tengan a mano los siguientes documentos:<\/p>\n\n\n\n<p>Bono Arriendo<\/p>\n\n\n\n<p>-Cartola Registro Social de Hogares, que verifique tramo\nentre el 40% y 60% de calificaci\u00f3n socioecon\u00f3mica.<\/p>\n\n\n\n<p>-Copia C\u00e9dula de Identidad por ambos lados.<\/p>\n\n\n\n<p>-Copia de Contrato de Arriendo (completo) o Declaraci\u00f3n\nJurada Simple, con datos de Arrendador y Arrendatario.<\/p>\n\n\n\n<p>* En caso de NO contar con Registro Social de Hogares, se\nsolicitar\u00e1 documentaci\u00f3n que respalde su situaci\u00f3n econ\u00f3mica vigente\n(Finiquito, Cotizaciones AFP, Seguro de cesant\u00eda), copia C\u00e9dula de identidad\npor ambos lados.<\/p>\n\n\n\n<p>Alimentaci\u00f3n<\/p>\n\n\n\n<p>-Cartola Registro Social de Hogares, que verifique tramo\nentre el 40% y 60% de calificaci\u00f3n socioecon\u00f3mica.<\/p>\n\n\n\n<p>-Copia C\u00e9dula de Identidad por ambos lados.<\/p>\n\n\n\n<p>* En caso de NO contar con Registro Social de Hogares, se\nsolicitar\u00e1 documentaci\u00f3n que respalde su situaci\u00f3n econ\u00f3mica vigente\n(Finiquito, Cotizaciones AFP, Seguro de cesant\u00eda), copia C\u00e9dula de identidad\npor ambos lados.<\/p>\n\n\n\n<p>Medicamentos:<\/p>\n\n\n\n<p>-Cartola Registro Social de Hogares, que verifique tramo\nentre el 40% y 60% de calificaci\u00f3n socioecon\u00f3mica.<\/p>\n\n\n\n<p>-Copia C\u00e9dula de Identidad por ambos lados.<\/p>\n\n\n\n<p>-Receta M\u00e9dica o Carnet Control del CESFAM Correspondiente.<\/p>\n\n\n\n<p>* En caso de NO contar con Registro Social de Hogares, se\nsolicitar\u00e1 documentaci\u00f3n que respalde su situaci\u00f3n econ\u00f3mica vigente\n(Finiquito, Cotizaciones AFP, Seguro de cesant\u00eda), copia C\u00e9dula de identidad\npor ambos lados.<\/p>\n\n\n\n<p>Servicios B\u00e1sicos (Agua\/Gas).<\/p>\n\n\n\n<p>-Cartola Registro Social de Hogares, que verifique tramo\nentre el 40% y 60% de calificaci\u00f3n socioecon\u00f3mica.<\/p>\n\n\n\n<p>-Copia C\u00e9dula de Identidad por ambos lados&nbsp; <\/p>\n\n\n\n<p>-Copia Boleta de Consumo.<\/p>\n\n\n\n<p>* En caso de NO contar con Registro Social de Hogares, se\nsolicitar\u00e1 documentaci\u00f3n que respalde su situaci\u00f3n econ\u00f3mica vigente\n(Finiquito, Cotizaciones AFP, Seguro de cesant\u00eda), copia C\u00e9dula de identidad\npor ambos lados y boleta de consumos.<\/p>\n\n\n\n<p>Pa\u00f1ales (Adultos y ni\u00f1os)<\/p>\n\n\n\n<p>-Cartola Registro Social de Hogares, que verifique tramo\nentre el 40% y 60% de calificaci\u00f3n socioecon\u00f3mica.<\/p>\n\n\n\n<p>-Copia C\u00e9dula de Identidad por ambos lados.<\/p>\n\n\n\n<p>* En caso de NO contar con Registro Social de Hogares, se\nsolicitar\u00e1 documentaci\u00f3n que respalde su situaci\u00f3n econ\u00f3mica vigente\n(Finiquito, Cotizaciones AFP, Seguro de cesant\u00eda), copia C\u00e9dula de identidad\npor ambos lados.<\/p>\n\n\n\n<p>Para mayor informaci\u00f3n respecto a los distintos tel\u00e9fonos y correos electr\u00f3nicos sobre los 10 distritos existentes, se puede revisar la Fanpage de la Ilustre Municipalidad de Punta Arenas (https:\/\/www.facebook.com\/muni.puq\/).<\/p>\n\n\n\n<figure class=\"wp-block-gallery columns-2 is-cropped wp-block-gallery-1 is-layout-flex wp-block-gallery-is-layout-flex\"><ul class=\"blocks-gallery-grid\"><li class=\"blocks-gallery-item\"><figure><img loading=\"lazy\" decoding=\"async\" width=\"1024\" height=\"1024\" src=\"https:\/\/www.radiopresidenteibanez.cl\/web\/wp-content\/uploads\/2020\/04\/Requisitos-Medicamentos-1024x1024.jpeg\" alt=\"\" data-id=\"11067\" data-full-url=\"https:\/\/www.radiopresidenteibanez.cl\/web\/wp-content\/uploads\/2020\/04\/Requisitos-Medicamentos.jpeg\" data-link=\"https:\/\/www.radiopresidenteibanez.cl\/web\/?attachment_id=11067\" class=\"wp-image-11067\" srcset=\"https:\/\/www.radiopresidenteibanez.cl\/web\/wp-content\/uploads\/2020\/04\/Requisitos-Medicamentos-1024x1024.jpeg 1024w, https:\/\/www.radiopresidenteibanez.cl\/web\/wp-content\/uploads\/2020\/04\/Requisitos-Medicamentos-300x300.jpeg 300w, https:\/\/www.radiopresidenteibanez.cl\/web\/wp-content\/uploads\/2020\/04\/Requisitos-Medicamentos-150x150.jpeg 150w, https:\/\/www.radiopresidenteibanez.cl\/web\/wp-content\/uploads\/2020\/04\/Requisitos-Medicamentos-768x768.jpeg 768w, https:\/\/www.radiopresidenteibanez.cl\/web\/wp-content\/uploads\/2020\/04\/Requisitos-Medicamentos.jpeg 1080w\" sizes=\"auto, (max-width: 1024px) 100vw, 1024px\" \/><\/figure><\/li><li class=\"blocks-gallery-item\"><figure><img loading=\"lazy\" decoding=\"async\" width=\"1024\" height=\"1024\" src=\"https:\/\/www.radiopresidenteibanez.cl\/web\/wp-content\/uploads\/2020\/04\/Requisitos-Arriendo-1024x1024.jpeg\" alt=\"\" data-id=\"11068\" data-full-url=\"https:\/\/www.radiopresidenteibanez.cl\/web\/wp-content\/uploads\/2020\/04\/Requisitos-Arriendo.jpeg\" data-link=\"https:\/\/www.radiopresidenteibanez.cl\/web\/?attachment_id=11068\" class=\"wp-image-11068\" srcset=\"https:\/\/www.radiopresidenteibanez.cl\/web\/wp-content\/uploads\/2020\/04\/Requisitos-Arriendo-1024x1024.jpeg 1024w, https:\/\/www.radiopresidenteibanez.cl\/web\/wp-content\/uploads\/2020\/04\/Requisitos-Arriendo-300x300.jpeg 300w, https:\/\/www.radiopresidenteibanez.cl\/web\/wp-content\/uploads\/2020\/04\/Requisitos-Arriendo-150x150.jpeg 150w, https:\/\/www.radiopresidenteibanez.cl\/web\/wp-content\/uploads\/2020\/04\/Requisitos-Arriendo-768x768.jpeg 768w, https:\/\/www.radiopresidenteibanez.cl\/web\/wp-content\/uploads\/2020\/04\/Requisitos-Arriendo.jpeg 1080w\" sizes=\"auto, (max-width: 1024px) 100vw, 1024px\" \/><\/figure><\/li><li class=\"blocks-gallery-item\"><figure><img loading=\"lazy\" decoding=\"async\" width=\"1024\" height=\"1024\" src=\"https:\/\/www.radiopresidenteibanez.cl\/web\/wp-content\/uploads\/2020\/04\/Requisitos-Alimentaci\u00f3n-1024x1024.jpeg\" alt=\"\" data-id=\"11069\" data-full-url=\"https:\/\/www.radiopresidenteibanez.cl\/web\/wp-content\/uploads\/2020\/04\/Requisitos-Alimentaci\u00f3n.jpeg\" data-link=\"https:\/\/www.radiopresidenteibanez.cl\/web\/?attachment_id=11069\" class=\"wp-image-11069\" srcset=\"https:\/\/www.radiopresidenteibanez.cl\/web\/wp-content\/uploads\/2020\/04\/Requisitos-Alimentaci\u00f3n-1024x1024.jpeg 1024w, https:\/\/www.radiopresidenteibanez.cl\/web\/wp-content\/uploads\/2020\/04\/Requisitos-Alimentaci\u00f3n-300x300.jpeg 300w, https:\/\/www.radiopresidenteibanez.cl\/web\/wp-content\/uploads\/2020\/04\/Requisitos-Alimentaci\u00f3n-150x150.jpeg 150w, https:\/\/www.radiopresidenteibanez.cl\/web\/wp-content\/uploads\/2020\/04\/Requisitos-Alimentaci\u00f3n-768x768.jpeg 768w, https:\/\/www.radiopresidenteibanez.cl\/web\/wp-content\/uploads\/2020\/04\/Requisitos-Alimentaci\u00f3n.jpeg 1080w\" sizes=\"auto, (max-width: 1024px) 100vw, 1024px\" \/><\/figure><\/li><li class=\"blocks-gallery-item\"><figure><img loading=\"lazy\" decoding=\"async\" width=\"1024\" height=\"1024\" src=\"https:\/\/www.radiopresidenteibanez.cl\/web\/wp-content\/uploads\/2020\/04\/Requisitos-Servicios-B\u00e1sicos-1024x1024.jpeg\" alt=\"\" data-id=\"11070\" data-full-url=\"https:\/\/www.radiopresidenteibanez.cl\/web\/wp-content\/uploads\/2020\/04\/Requisitos-Servicios-B\u00e1sicos.jpeg\" data-link=\"https:\/\/www.radiopresidenteibanez.cl\/web\/?attachment_id=11070\" class=\"wp-image-11070\" srcset=\"https:\/\/www.radiopresidenteibanez.cl\/web\/wp-content\/uploads\/2020\/04\/Requisitos-Servicios-B\u00e1sicos-1024x1024.jpeg 1024w, https:\/\/www.radiopresidenteibanez.cl\/web\/wp-content\/uploads\/2020\/04\/Requisitos-Servicios-B\u00e1sicos-300x300.jpeg 300w, https:\/\/www.radiopresidenteibanez.cl\/web\/wp-content\/uploads\/2020\/04\/Requisitos-Servicios-B\u00e1sicos-150x150.jpeg 150w, https:\/\/www.radiopresidenteibanez.cl\/web\/wp-content\/uploads\/2020\/04\/Requisitos-Servicios-B\u00e1sicos-768x768.jpeg 768w, https:\/\/www.radiopresidenteibanez.cl\/web\/wp-content\/uploads\/2020\/04\/Requisitos-Servicios-B\u00e1sicos.jpeg 1080w\" sizes=\"auto, (max-width: 1024px) 100vw, 1024px\" \/><\/figure><\/li><li class=\"blocks-gallery-item\"><figure><img loading=\"lazy\" decoding=\"async\" width=\"1024\" height=\"1024\" src=\"https:\/\/www.radiopresidenteibanez.cl\/web\/wp-content\/uploads\/2020\/04\/Requisitos-Pa\u00f1ales-1024x1024.jpeg\" alt=\"\" data-id=\"11071\" data-full-url=\"https:\/\/www.radiopresidenteibanez.cl\/web\/wp-content\/uploads\/2020\/04\/Requisitos-Pa\u00f1ales.jpeg\" data-link=\"https:\/\/www.radiopresidenteibanez.cl\/web\/?attachment_id=11071\" class=\"wp-image-11071\" srcset=\"https:\/\/www.radiopresidenteibanez.cl\/web\/wp-content\/uploads\/2020\/04\/Requisitos-Pa\u00f1ales-1024x1024.jpeg 1024w, https:\/\/www.radiopresidenteibanez.cl\/web\/wp-content\/uploads\/2020\/04\/Requisitos-Pa\u00f1ales-300x300.jpeg 300w, https:\/\/www.radiopresidenteibanez.cl\/web\/wp-content\/uploads\/2020\/04\/Requisitos-Pa\u00f1ales-150x150.jpeg 150w, https:\/\/www.radiopresidenteibanez.cl\/web\/wp-content\/uploads\/2020\/04\/Requisitos-Pa\u00f1ales-768x768.jpeg 768w, https:\/\/www.radiopresidenteibanez.cl\/web\/wp-content\/uploads\/2020\/04\/Requisitos-Pa\u00f1ales.jpeg 1080w\" sizes=\"auto, (max-width: 1024px) 100vw, 1024px\" \/><\/figure><\/li><\/ul><\/figure>\n","protected":false},"excerpt":{"rendered":"<p>Una gran demanda de solicitudes ha tenido, en su primera semana de funcionamiento, la Agenda Social implementada desde la Direcci\u00f3n de Desarrollo Comunitario del Municipio de Punta Arenas, para ayudar&#8230; <a class=\"read-more\" href=\"https:\/\/www.radiopresidenteibanez.cl\/web\/mas-de-9-mil-solicitudes-ingresaron-a-la-agenda-social-municipal-en-la-primera-semana-de-funcionamiento\/\">Leer m\u00e1s<\/a><\/p>\n","protected":false},"author":2,"featured_media":6060,"comment_status":"closed","ping_status":"closed","sticky":false,"template":"","format":"standard","meta":{"footnotes":""},"categories":[1],"tags":[],"class_list":["post-11066","post","type-post","status-publish","format-standard","has-post-thumbnail","hentry","category-cronica"],"_links":{"self":[{"href":"https:\/\/www.radiopresidenteibanez.cl\/web\/wp-json\/wp\/v2\/posts\/11066","targetHints":{"allow":["GET"]}}],"collection":[{"href":"https:\/\/www.radiopresidenteibanez.cl\/web\/wp-json\/wp\/v2\/posts"}],"about":[{"href":"https:\/\/www.radiopresidenteibanez.cl\/web\/wp-json\/wp\/v2\/types\/post"}],"author":[{"embeddable":true,"href":"https:\/\/www.radiopresidenteibanez.cl\/web\/wp-json\/wp\/v2\/users\/2"}],"replies":[{"embeddable":true,"href":"https:\/\/www.radiopresidenteibanez.cl\/web\/wp-json\/wp\/v2\/comments?post=11066"}],"version-history":[{"count":0,"href":"https:\/\/www.radiopresidenteibanez.cl\/web\/wp-json\/wp\/v2\/posts\/11066\/revisions"}],"wp:featuredmedia":[{"embeddable":true,"href":"https:\/\/www.radiopresidenteibanez.cl\/web\/wp-json\/wp\/v2\/media\/6060"}],"wp:attachment":[{"href":"https:\/\/www.radiopresidenteibanez.cl\/web\/wp-json\/wp\/v2\/media?parent=11066"}],"wp:term":[{"taxonomy":"category","embeddable":true,"href":"https:\/\/www.radiopresidenteibanez.cl\/web\/wp-json\/wp\/v2\/categories?post=11066"},{"taxonomy":"post_tag","embeddable":true,"href":"https:\/\/www.radiopresidenteibanez.cl\/web\/wp-json\/wp\/v2\/tags?post=11066"}],"curies":[{"name":"wp","href":"https:\/\/api.w.org\/{rel}","templated":true}]}}