{"id":11062,"date":"2020-04-15T14:08:38","date_gmt":"2020-04-15T14:08:38","guid":{"rendered":"https:\/\/www.radiopresidenteibanez.cl\/web\/?p=11062"},"modified":"2020-04-15T14:08:41","modified_gmt":"2020-04-15T14:08:41","slug":"jaime-manalich-ministro-de-salud-el-destino-del-virus-es-que-toda-la-poblacion-mundial-se-infecte","status":"publish","type":"post","link":"https:\/\/www.radiopresidenteibanez.cl\/web\/jaime-manalich-ministro-de-salud-el-destino-del-virus-es-que-toda-la-poblacion-mundial-se-infecte\/","title":{"rendered":"JAIME MA\u00d1ALICH MINISTRO DE SALUD \u201cEL DESTINO DEL VIRUS ES QUE TODA LA POBLACI\u00d3N MUNDIAL SE INFECTE\u201d"},"content":{"rendered":"\n<p>En conversaci\u00f3n con radio ADN, el Ministro de Salud, Jaime\nMa\u00f1alich, entreg\u00f3 distintas aristas del trabajo que se esta realizando para\ncombatir el coronavirus Covid-19 en el pa\u00eds, en donde defendi\u00f3 el sistema de\ncuarentenas focalizadas que ha implementado el Gobierno para enfrentar la\npandemia, apuntado a las consecuencias que genera un confinamiento total.<\/p>\n\n\n\n<p>En la ocasi\u00f3n tambi\u00e9n la autoridad de salud, manifest\u00f3 que\nesperar poder combatir la pandemia de manera efectiva con la finalidad de no\ntener cifras como lo que esta ocurriendo en Nueva York, Italia o Espa\u00f1a, que el\ncontagio es de tal magnitud que exige una demanda alta al sistema hospitalario\nque no se puede sostener, y dejar morir a los que no tienen camas o por\ndecisiones \u00e9ticas, m\u00e9dicas.<\/p>\n\n\n\n<p>El ministro Ma\u00f1alich, al ser consultado sobre la solicitud de varios alcaldes de decretar cuarentena total en sus comunas, expres\u00f3 que \u201ccuando los ediles piden estas medidas sean de manera total o generales no saben el da\u00f1o que se produce en la gente, muchos alcaldes han cambiado de opini\u00f3n porque la gente sufre, pasa hambre, se produce violencia intrafamiliar. Por eso deben ser cuarentenas focalizadas y tienen que tener un principio y un fin, de acuerdo a la realidad epidemiol\u00f3gica\u201d.<\/p>\n\n\n\n<p>Ma\u00f1alich asever\u00f3 que, de acuerdo a los antecedentes que\nmanejan, en los confinamientos focalizados \u201cno se produce un rebrote, donde s\u00ed\nse produce en pa\u00edses con lockdown, en donde la idea de que nadie se contagie\ndeja a la poblaci\u00f3n vulnerable\u201d.<\/p>\n\n\n\n<p>Ante la problem\u00e1tica de los Centros de Salud Familiar para la entrega de medicamentos, el ministro analiz\u00f3 la situaci\u00f3n que se est\u00e1 viviendo sobre todo con la entrega de los remedios \u201ctenemos stock de tres meses para que las personas sobre todo con enfermedades cr\u00f3nicas, puedan recibir sus medicinas\u201d.<\/p>\n\n\n\n<p>\u201cTenemos que buscar que las personas se hagan inmune a la enfermedad en los pr\u00f3ximos 3 o 4 a\u00f1os o lo que dur\u00e9 este virus, el destino del coronavirus es que toda la poblaci\u00f3n mundial se infecte y esto se puede evitar con una vacuna\u201d, puntualiz\u00f3 Ma\u00f1alich.<\/p>\n\n\n\n<p>Lo anterior fue en respuesta a las palabras entregada hace algunas jornadas por, Paula Daza, subsecretaria de Salud P\u00fablica quien expres\u00f3 a La Terceca que \u201ctenemos que lograr que las personas se vayan enfermando progresivamente\u201d.<\/p>\n\n\n\n<p>Fuente: ADN HOY \/ RADIO ADN <\/p>\n\n\n\n<p>CHH.<\/p>\n","protected":false},"excerpt":{"rendered":"<p>En conversaci\u00f3n con radio ADN, el Ministro de Salud, Jaime Ma\u00f1alich, entreg\u00f3 distintas aristas del trabajo que se esta realizando para combatir el coronavirus Covid-19 en el pa\u00eds, en donde&#8230; <a class=\"read-more\" href=\"https:\/\/www.radiopresidenteibanez.cl\/web\/jaime-manalich-ministro-de-salud-el-destino-del-virus-es-que-toda-la-poblacion-mundial-se-infecte\/\">Leer m\u00e1s<\/a><\/p>\n","protected":false},"author":2,"featured_media":10909,"comment_status":"closed","ping_status":"closed","sticky":false,"template":"","format":"standard","meta":{"footnotes":""},"categories":[1],"tags":[],"class_list":["post-11062","post","type-post","status-publish","format-standard","has-post-thumbnail","hentry","category-cronica"],"_links":{"self":[{"href":"https:\/\/www.radiopresidenteibanez.cl\/web\/wp-json\/wp\/v2\/posts\/11062","targetHints":{"allow":["GET"]}}],"collection":[{"href":"https:\/\/www.radiopresidenteibanez.cl\/web\/wp-json\/wp\/v2\/posts"}],"about":[{"href":"https:\/\/www.radiopresidenteibanez.cl\/web\/wp-json\/wp\/v2\/types\/post"}],"author":[{"embeddable":true,"href":"https:\/\/www.radiopresidenteibanez.cl\/web\/wp-json\/wp\/v2\/users\/2"}],"replies":[{"embeddable":true,"href":"https:\/\/www.radiopresidenteibanez.cl\/web\/wp-json\/wp\/v2\/comments?post=11062"}],"version-history":[{"count":0,"href":"https:\/\/www.radiopresidenteibanez.cl\/web\/wp-json\/wp\/v2\/posts\/11062\/revisions"}],"wp:featuredmedia":[{"embeddable":true,"href":"https:\/\/www.radiopresidenteibanez.cl\/web\/wp-json\/wp\/v2\/media\/10909"}],"wp:attachment":[{"href":"https:\/\/www.radiopresidenteibanez.cl\/web\/wp-json\/wp\/v2\/media?parent=11062"}],"wp:term":[{"taxonomy":"category","embeddable":true,"href":"https:\/\/www.radiopresidenteibanez.cl\/web\/wp-json\/wp\/v2\/categories?post=11062"},{"taxonomy":"post_tag","embeddable":true,"href":"https:\/\/www.radiopresidenteibanez.cl\/web\/wp-json\/wp\/v2\/tags?post=11062"}],"curies":[{"name":"wp","href":"https:\/\/api.w.org\/{rel}","templated":true}]}}