{"id":11057,"date":"2020-04-14T23:48:52","date_gmt":"2020-04-14T23:48:52","guid":{"rendered":"https:\/\/www.radiopresidenteibanez.cl\/web\/?p=11057"},"modified":"2020-04-15T00:16:16","modified_gmt":"2020-04-15T00:16:16","slug":"trabajadores-de-empresa-contratista-construmaq-de-punta-arenas-que-prestaba-labores-a-methanex-preocupados-ante-el-no-pago-de-cotizaciones-afp-y-finiquito","status":"publish","type":"post","link":"https:\/\/www.radiopresidenteibanez.cl\/web\/trabajadores-de-empresa-contratista-construmaq-de-punta-arenas-que-prestaba-labores-a-methanex-preocupados-ante-el-no-pago-de-cotizaciones-afp-y-finiquito\/","title":{"rendered":"TRABAJADORES DE EMPRESA CONTRATISTA CONSTRUMAQ DE PUNTA ARENAS QUE PRESTABA LABORES A METHANEX PREOCUPADOS ANTE EL NO PAGO DE COTIZACIONES, AFP Y FINIQUITO"},"content":{"rendered":"\n<p>Un grupo de ex trabajadores de la empresa Construmaq que\nprestaba labores a la empresa Methanex, se encuentran preocupados debido a que\nel pasado 5 de febrero el administrador de la empresa, Ronny Saldivia, les\nsolicit\u00f3 a sus colabores firmar un contrato para otra compa\u00f1\u00eda de la cual \u00e9l es\nsocio, por lo tanto, finiquitar\u00eda a los trabajadores pag\u00e1ndole todo lo\ncorrespondiente a sus labores.<\/p>\n\n\n\n<p>Lo anterior, lamentablemente para los trabajadores no\nsucedi\u00f3, hasta la fecha el empleador no ha realizado los pagos que la ley\nestipula, as\u00ed tambi\u00e9n el personal se percat\u00f3 que no ten\u00edan pagada las\ncotizaciones, Fonasa, entre otros.<\/p>\n\n\n\n<p>En este sentido uno de los trabajadores afectados, Abd\u00edas Cheuquep\u00e1n, expres\u00f3 a nuestro medio que \u201cnos tiene preocupado esta situaci\u00f3n, ac\u00e1 no solo somos nosotros los afectados, sino que nuestras familias, debemos pagar arriendos, consumos y alimentarnos, es por esto que buscamos llegar hasta esta instancia de tener que dar a conocer nuestra problem\u00e1tica\u201d.<\/p>\n\n\n\n<p>\u201cMethanex es una excelente empresa, pero lamentablemente no ha\nhecho nada, a pesar de saber que una empresa licitadora que le presta servicios\nno realizo el pago\u201d,adem\u00e1sagreg\u00f3 Abd\u00edas Cheuquep\u00e1n que\n\u201cestando en la Inspecci\u00f3n del Trabajo nos pudimos percatar que esta empresa no\nes primera vez que tiene problema con los pagos hac\u00eda sus trabajadores,\ndesconocemos si en las otras ocasiones les pago a los colaboradores o no\u201d.<strong><\/strong><\/p>\n\n\n\n<p>Finalmente, Cheuquep\u00e1n expres\u00f3 que el administrador de Construmaq Punta Arenas, Ronny Saldivia, les habr\u00eda hecho llegar a algunos trabajadores un mensaje expresando que les pagar\u00eda todo lo adeudado antes del d\u00eda lunes \u201cesperemos que sea as\u00ed, pero desgraciadamente para nosotros, dudamos que esto suceda\u201d, puntualiz\u00f3.<\/p>\n\n\n\n<p><\/p>\n\n\n\n<p>CHH<\/p>\n","protected":false},"excerpt":{"rendered":"<p>Un grupo de ex trabajadores de la empresa Construmaq que prestaba labores a la empresa Methanex, se encuentran preocupados debido a que el pasado 5 de febrero el administrador de&#8230; <a class=\"read-more\" href=\"https:\/\/www.radiopresidenteibanez.cl\/web\/trabajadores-de-empresa-contratista-construmaq-de-punta-arenas-que-prestaba-labores-a-methanex-preocupados-ante-el-no-pago-de-cotizaciones-afp-y-finiquito\/\">Leer m\u00e1s<\/a><\/p>\n","protected":false},"author":2,"featured_media":11058,"comment_status":"closed","ping_status":"closed","sticky":false,"template":"","format":"standard","meta":{"footnotes":""},"categories":[1],"tags":[],"class_list":["post-11057","post","type-post","status-publish","format-standard","has-post-thumbnail","hentry","category-cronica"],"_links":{"self":[{"href":"https:\/\/www.radiopresidenteibanez.cl\/web\/wp-json\/wp\/v2\/posts\/11057","targetHints":{"allow":["GET"]}}],"collection":[{"href":"https:\/\/www.radiopresidenteibanez.cl\/web\/wp-json\/wp\/v2\/posts"}],"about":[{"href":"https:\/\/www.radiopresidenteibanez.cl\/web\/wp-json\/wp\/v2\/types\/post"}],"author":[{"embeddable":true,"href":"https:\/\/www.radiopresidenteibanez.cl\/web\/wp-json\/wp\/v2\/users\/2"}],"replies":[{"embeddable":true,"href":"https:\/\/www.radiopresidenteibanez.cl\/web\/wp-json\/wp\/v2\/comments?post=11057"}],"version-history":[{"count":0,"href":"https:\/\/www.radiopresidenteibanez.cl\/web\/wp-json\/wp\/v2\/posts\/11057\/revisions"}],"wp:featuredmedia":[{"embeddable":true,"href":"https:\/\/www.radiopresidenteibanez.cl\/web\/wp-json\/wp\/v2\/media\/11058"}],"wp:attachment":[{"href":"https:\/\/www.radiopresidenteibanez.cl\/web\/wp-json\/wp\/v2\/media?parent=11057"}],"wp:term":[{"taxonomy":"category","embeddable":true,"href":"https:\/\/www.radiopresidenteibanez.cl\/web\/wp-json\/wp\/v2\/categories?post=11057"},{"taxonomy":"post_tag","embeddable":true,"href":"https:\/\/www.radiopresidenteibanez.cl\/web\/wp-json\/wp\/v2\/tags?post=11057"}],"curies":[{"name":"wp","href":"https:\/\/api.w.org\/{rel}","templated":true}]}}