{"id":11055,"date":"2020-04-14T23:45:18","date_gmt":"2020-04-14T23:45:18","guid":{"rendered":"https:\/\/www.radiopresidenteibanez.cl\/web\/?p=11055"},"modified":"2020-04-14T23:45:22","modified_gmt":"2020-04-14T23:45:22","slug":"el-chancho-por-pablo-cruz","status":"publish","type":"post","link":"https:\/\/www.radiopresidenteibanez.cl\/web\/el-chancho-por-pablo-cruz\/","title":{"rendered":"EL CHANCHO por PABLO CRUZ"},"content":{"rendered":"\n<p>Como los contagios no disminuyen en Punta Arenas, el\ngobierno dispuso una tercera semana de cuarentena para la ciudad.<\/p>\n\n\n\n<p>Los casos aumentan aqu\u00ed, seg\u00fan opini\u00f3n generalizada,\npor la irresponsabilidad de los puntarenenses.<\/p>\n\n\n\n<p>Esta irresponsabilidad queda de manifiesto en las\ncolas que se forman en los supermercados y la actuaci\u00f3n de la gente como si\naqu\u00ed no pasara nada. El lunes, una larga fila de autom\u00f3viles llenaba la avenida\nBulnes, desde la Universidad de Magallanes hasta la zona franca. Los autos no\nsolo llevaban al conductor sino a varios acompa\u00f1antes, incluyendo ni\u00f1os, como\nfue f\u00e1cil ver. Todos, seguramente, llevaban salvoconductos.<\/p>\n\n\n\n<p>El intendente, Jos\u00e9 Fern\u00e1ndez, seg\u00fan La Prensa Austral,\nreaccion\u00f3 indignado por las \u00faltimas cifras de contagiados con coronavirus en\nPunta Arenas.<\/p>\n\n\n\n<p>El intendente dijo, seg\u00fan el diario, \u201c\u00bfQu\u00e9 parte no\nentienden que deben quedarse en casa?\u201d.<\/p>\n\n\n\n<p>\u201c\u00bfC\u00f3mo\nse puede entender -dijo Fern\u00e1ndez- que en un d\u00eda, a trav\u00e9s de la plataforma\ncomisar\u00eda virtual o en forma presencial, se entreguen m\u00e1s de 8 mil permisos\npara salir de las viviendas? Es decir, para saltarse la cuarentena y andar\nexponi\u00e9ndose al contagio y despu\u00e9s convertirse en vectores del virus. \u00bfQu\u00e9\nparte no entienden, que deben quedarse en la casa?\u201d.<\/p>\n\n\n\n<p>Tiene\nraz\u00f3n, un exceso de salvoconductos.<\/p>\n\n\n\n<p>Pero\nuno se acuerda&nbsp; de ese dicho tan chileno,\n\u201cla culpa no es del chancho sino del que le da el afrecho\u201d.<\/p>\n\n\n\n<p>\u00bfY\nqui\u00e9n da los salvoconductos, el afrecho, a estos chanchos?<\/p>\n","protected":false},"excerpt":{"rendered":"<p>Como los contagios no disminuyen en Punta Arenas, el gobierno dispuso una tercera semana de cuarentena para la ciudad. Los casos aumentan aqu\u00ed, seg\u00fan opini\u00f3n generalizada, por la irresponsabilidad de&#8230; <a class=\"read-more\" href=\"https:\/\/www.radiopresidenteibanez.cl\/web\/el-chancho-por-pablo-cruz\/\">Leer m\u00e1s<\/a><\/p>\n","protected":false},"author":2,"featured_media":10716,"comment_status":"closed","ping_status":"closed","sticky":false,"template":"","format":"standard","meta":{"footnotes":""},"categories":[1],"tags":[],"class_list":["post-11055","post","type-post","status-publish","format-standard","has-post-thumbnail","hentry","category-cronica"],"_links":{"self":[{"href":"https:\/\/www.radiopresidenteibanez.cl\/web\/wp-json\/wp\/v2\/posts\/11055","targetHints":{"allow":["GET"]}}],"collection":[{"href":"https:\/\/www.radiopresidenteibanez.cl\/web\/wp-json\/wp\/v2\/posts"}],"about":[{"href":"https:\/\/www.radiopresidenteibanez.cl\/web\/wp-json\/wp\/v2\/types\/post"}],"author":[{"embeddable":true,"href":"https:\/\/www.radiopresidenteibanez.cl\/web\/wp-json\/wp\/v2\/users\/2"}],"replies":[{"embeddable":true,"href":"https:\/\/www.radiopresidenteibanez.cl\/web\/wp-json\/wp\/v2\/comments?post=11055"}],"version-history":[{"count":0,"href":"https:\/\/www.radiopresidenteibanez.cl\/web\/wp-json\/wp\/v2\/posts\/11055\/revisions"}],"wp:featuredmedia":[{"embeddable":true,"href":"https:\/\/www.radiopresidenteibanez.cl\/web\/wp-json\/wp\/v2\/media\/10716"}],"wp:attachment":[{"href":"https:\/\/www.radiopresidenteibanez.cl\/web\/wp-json\/wp\/v2\/media?parent=11055"}],"wp:term":[{"taxonomy":"category","embeddable":true,"href":"https:\/\/www.radiopresidenteibanez.cl\/web\/wp-json\/wp\/v2\/categories?post=11055"},{"taxonomy":"post_tag","embeddable":true,"href":"https:\/\/www.radiopresidenteibanez.cl\/web\/wp-json\/wp\/v2\/tags?post=11055"}],"curies":[{"name":"wp","href":"https:\/\/api.w.org\/{rel}","templated":true}]}}