{"id":11052,"date":"2020-04-14T23:17:17","date_gmt":"2020-04-14T23:17:17","guid":{"rendered":"https:\/\/www.radiopresidenteibanez.cl\/web\/?p=11052"},"modified":"2020-04-14T23:17:22","modified_gmt":"2020-04-14T23:17:22","slug":"senador-carlos-bianchi-advirtio-que-habra-consecuencias-economicas-sociales-y-politicas-si-no-hay-cambios-urgentes-al-actual-sistema-de-las-afp","status":"publish","type":"post","link":"https:\/\/www.radiopresidenteibanez.cl\/web\/senador-carlos-bianchi-advirtio-que-habra-consecuencias-economicas-sociales-y-politicas-si-no-hay-cambios-urgentes-al-actual-sistema-de-las-afp\/","title":{"rendered":"SENADOR CARLOS BIANCHI ADVIRTI\u00d3 QUE HABR\u00c1 CONSECUENCIAS ECON\u00d3MICAS, SOCIALES Y POL\u00cdTICAS SI NO HAY CAMBIOS URGENTES AL ACTUAL SISTEMA DE LAS AFP"},"content":{"rendered":"\n<p>El senador de Magallanes, Carlos Bianchi, impulsor de la\nsesi\u00f3n especial desarrollada esta ma\u00f1ana en el Senado, donde se abord\u00f3 las\nmillonarias p\u00e9rdidas que han tenido los cotizantes de las AFP, repudi\u00f3 la\nactitud asumida por el gobierno representada por la Ministra del Trabajo y el\nSuperintendente de Pensiones, quienes actuaron indolentes ante este adverso escenario\nsin expresar propuesta de soluci\u00f3n alguna y solo repitiendo argumentos que ya\nno se sostienen, en la l\u00ednea que se trata fondos de inversiones de largo plazo\no que habr\u00e1 una recuperaci\u00f3n cuando termine la crisis sanitaria.<\/p>\n\n\n\n<p>Sobre el particular, al t\u00e9rmino de la sesi\u00f3n dijo que \u201cHemos\nestado toda la ma\u00f1ana debatiendo, entregando propuestas; \u00bfqu\u00e9 ha dicho la\nministra aqu\u00ed en el senado? no hay ninguna &#8211; ninguna propuesta inmediata en\ncu\u00e1nto a poder hacer retiro de los fondos o de qu\u00e9 manera se van a abordar a\nlas personas que han tenido un tremendo perjuicio econ\u00f3mico en sus cuentas de\nahorro.\u201d <\/p>\n\n\n\n<p>Bianchi agreg\u00f3 que \u201cAqu\u00ed se est\u00e1 defendiendo a las AFP, una\nvez m\u00e1s aqu\u00ed el gobierno se lava las manos y est\u00e1 buscando por otras v\u00edas\nllegar con bonos o llegar con algunos incentivos o con cr\u00e9ditos como lo ha\ndicho el presidente Pi\u00f1era, pero no han tocado en lo m\u00e1s m\u00ednimo a las AFP\npretenden, como dice la ministra, \u2018mire vamos a ver en paralelo el proyecto que\nest\u00e1 en este congreso para discutir el nuevo modelo de pensiones.&nbsp; No ha dado ninguna respuesta, ninguna a\nnuestras solicitudes.\u201d <\/p>\n\n\n\n<p>El legislador puntualiz\u00f3 que \u201cEsto obviamente nos desaf\u00eda a\nqu\u00e9 podamos exigirle con m\u00e1s fuerza al gobierno, que es el que tiene todas las\nfacultades y todas las potestades, que efectivamente se pronuncie con urgencia\nen cu\u00e1nto a la soluci\u00f3n que debieran tener los cotizantes, por cuanto esto no\nest\u00e1 en las manos de los parlamentarios al no tener en esta materia iniciativa\nde ley.\u201d <\/p>\n\n\n\n<p>\u201cQued\u00f3 demostrado que este gobierno en particular hoy d\u00eda\nvino aqu\u00ed a este senado a defender el modelo tal cual est\u00e1, pese a ello vamos a\nseguir insistiendo, no podemos quedarnos de brazos cruzados y vamos hacer todo\nlo que tenemos nuestro alcance para exigirle al gobierno los cambios que se\nrequieren.\u201d Afirm\u00f3 el parlamentario magall\u00e1nico.<\/p>\n\n\n\n<p>Bianchi advirti\u00f3 que \u201cSer\u00e1 un error tomarnos esta situaci\u00f3n\na la ligera, habr\u00e1 repercusiones sociales y pol\u00edticas derivadas de las\nmillonarias p\u00e9rdidas que est\u00e1n teniendo actualmente los Fondos de Pensiones.\nHay que parar este sistema en la forma como la superintendencia lo est\u00e1\npermitiendo. Exigimos actuar con prontitud de lo contrario se seguir\u00e1\nempobreciendo a la gente que cotiza en las AFP, quienes requieren ser\ndefendidos y protegidos y no sentirse a\u00fan m\u00e1s abusados por un perverso sistema\ncomo es el de las AFPs, donde la volatilidad y fragilidad ha quedado en\nevidencia siendo afectados exclusivamente los trabajadores imponentes.<\/p>\n\n\n\n<p>Durante la intervenci\u00f3n en sala, el senador Bianchi pregunt\u00f3\n\u00bfQue nos dicen cuando proponemos que un porcentaje de esos fondos puedan ir en\napoyo a los propios cotizantes ya sea en crisis como la que vivimos, en caso de\nenfermedades terminales o casos muy excepcionales?&nbsp; Dicen. NO!&nbsp;\n\u00a1Hay que ser responsables\u2026 hay que ser cuidadosos\u2026 no se puede! \u00a1\u00a1\u00a1Es\ninconstitucional!!! \u2026&nbsp; Esos argumentos al\nigual que el sistema se cayeron a pedazos\u2026 porque las p\u00e9rdidas y el da\u00f1o\nocasionado con las \u00b4p\u00e9rdidas conocidas ser\u00e1n irreparables.<\/p>\n\n\n\n<p>Finalmente expuso que \u201cSe investiguen las inversiones que\nhicieron las AFP entre Enero y Marzo, respecto a sus propios fondos y verificar\nsi no cambiaron de posiciones y dejaron a los fondos de las personas sin\nresguardo y hacer una revisi\u00f3n completa de las inversiones del \u00faltimo trimestre\nde 2019, indicando claramente las posiciones que se tomaron y los instrumentos\nque se manejaron en los distintos fondos, clarificando incluso las empresas en\nlas cuales se hicieron\u2026 Exigimos transparencia con respecto a las p\u00e9rdidas que\nse produjeron.\u201d<\/p>\n","protected":false},"excerpt":{"rendered":"<p>El senador de Magallanes, Carlos Bianchi, impulsor de la sesi\u00f3n especial desarrollada esta ma\u00f1ana en el Senado, donde se abord\u00f3 las millonarias p\u00e9rdidas que han tenido los cotizantes de las&#8230; <a class=\"read-more\" href=\"https:\/\/www.radiopresidenteibanez.cl\/web\/senador-carlos-bianchi-advirtio-que-habra-consecuencias-economicas-sociales-y-politicas-si-no-hay-cambios-urgentes-al-actual-sistema-de-las-afp\/\">Leer m\u00e1s<\/a><\/p>\n","protected":false},"author":2,"featured_media":1915,"comment_status":"closed","ping_status":"closed","sticky":false,"template":"","format":"standard","meta":{"footnotes":""},"categories":[1],"tags":[],"class_list":["post-11052","post","type-post","status-publish","format-standard","has-post-thumbnail","hentry","category-cronica"],"_links":{"self":[{"href":"https:\/\/www.radiopresidenteibanez.cl\/web\/wp-json\/wp\/v2\/posts\/11052","targetHints":{"allow":["GET"]}}],"collection":[{"href":"https:\/\/www.radiopresidenteibanez.cl\/web\/wp-json\/wp\/v2\/posts"}],"about":[{"href":"https:\/\/www.radiopresidenteibanez.cl\/web\/wp-json\/wp\/v2\/types\/post"}],"author":[{"embeddable":true,"href":"https:\/\/www.radiopresidenteibanez.cl\/web\/wp-json\/wp\/v2\/users\/2"}],"replies":[{"embeddable":true,"href":"https:\/\/www.radiopresidenteibanez.cl\/web\/wp-json\/wp\/v2\/comments?post=11052"}],"version-history":[{"count":0,"href":"https:\/\/www.radiopresidenteibanez.cl\/web\/wp-json\/wp\/v2\/posts\/11052\/revisions"}],"wp:featuredmedia":[{"embeddable":true,"href":"https:\/\/www.radiopresidenteibanez.cl\/web\/wp-json\/wp\/v2\/media\/1915"}],"wp:attachment":[{"href":"https:\/\/www.radiopresidenteibanez.cl\/web\/wp-json\/wp\/v2\/media?parent=11052"}],"wp:term":[{"taxonomy":"category","embeddable":true,"href":"https:\/\/www.radiopresidenteibanez.cl\/web\/wp-json\/wp\/v2\/categories?post=11052"},{"taxonomy":"post_tag","embeddable":true,"href":"https:\/\/www.radiopresidenteibanez.cl\/web\/wp-json\/wp\/v2\/tags?post=11052"}],"curies":[{"name":"wp","href":"https:\/\/api.w.org\/{rel}","templated":true}]}}