{"id":11043,"date":"2020-04-14T21:50:30","date_gmt":"2020-04-14T21:50:30","guid":{"rendered":"https:\/\/www.radiopresidenteibanez.cl\/web\/?p=11043"},"modified":"2020-04-14T21:50:34","modified_gmt":"2020-04-14T21:50:34","slug":"dos-nuevos-ventiladores-mecanicos-llegaron-hasta-la-ciudad-de-punta-arenas-para-ser-puesto-a-disposicion-del-hospital-clinico-de-magallanes","status":"publish","type":"post","link":"https:\/\/www.radiopresidenteibanez.cl\/web\/dos-nuevos-ventiladores-mecanicos-llegaron-hasta-la-ciudad-de-punta-arenas-para-ser-puesto-a-disposicion-del-hospital-clinico-de-magallanes\/","title":{"rendered":"DOS NUEVOS VENTILADORES MEC\u00c1NICOS LLEGARON HASTA LA CIUDAD DE PUNTA ARENAS, PARA SER PUESTO A DISPOSICI\u00d3N DEL HOSPITAL CL\u00cdNICO DE MAGALLANES"},"content":{"rendered":"\n<p>En\nhoras de la tarde de ayer, a trav\u00e9s de un avi\u00f3n solidario de la empresa Latam llegaron\ndos nuevos ventiladores a la regi\u00f3n de Magallanes que ser\u00e1n destinados a las\ndependencias del Hospital Cl\u00ednico de Magallanes, para seguir combatiendo contra\nla pandemia del coronavirus Covid-19 en la zona.<\/p>\n\n\n\n<p>Estos\ndos instrumentos se sumar\u00e1n a la flota de ocho ventiladores mec\u00e1nicos que ya\nexisten al interior de la Unidad de Pacientes Cr\u00edticos del Hospital Cl\u00ednico de\nMagallanes, y que de acuerdo a lo mencionado hace algunas semanas por el\ndiputado Gabriel Boric, quien mantuvo conversaciones con el Subsecretario de\nRedes Asistenciales y la Seremi de Salud de Magallanes, deber\u00edan llegar alrededor\nde 15 m\u00e1quinas m\u00e1s en las pr\u00f3ximas jornadas.<\/p>\n\n\n\n<p>En este sentido la seremi de Gobierno, Alejandra Mu\u00f1oz Quiroz, manifest\u00f3 que \u201cexiste una gran disponibilidad de ventiladores mec\u00e1nicos a nivel pa\u00eds lo cual ser\u00e1n distribuidos en las regiones o comunas dependiendo de la necesidad\u201d.<\/p>\n\n\n\n<p>Finaliz\u00f3\ndiciendo Mu\u00f1oz Quiroz, que \u201ctenemos una semana m\u00e1s de cuarentena en Punta\nArenas, la que esperamos que la comunidad respete con la finalidad de poder\nbajar los \u00edndices de contagiados como se esta dando en las \u00faltimas jornadas\u201d.<\/p>\n\n\n\n<p>Cabe mencionar que la Multigremial Magallanes, realiz\u00f3 un prototipo de un ventilador mec\u00e1nico y que ser\u00e1 presentado a las autoridades, este se trata de un modelo hecho en madera conectado a una fuente de poder, el cual a trav\u00e9s de una mascarilla (ambu), permite entregar oxigeno de forma efectiva como ventilador mec\u00e1nico convencional. Posteriormente, el modelo final ser\u00e1 confeccionado en metacrilato, material m\u00e1s adecuado para mantener la limpieza y cuidado de la m\u00e1quina, una vez revisado y aprobado por los expertos se comenzar\u00eda a trabajar en el dise\u00f1o final y posterior uso.<\/p>\n\n\n\n<p><\/p>\n\n\n\n<p>CHH.<\/p>\n","protected":false},"excerpt":{"rendered":"<p>En horas de la tarde de ayer, a trav\u00e9s de un avi\u00f3n solidario de la empresa Latam llegaron dos nuevos ventiladores a la regi\u00f3n de Magallanes que ser\u00e1n destinados a&#8230; <a class=\"read-more\" href=\"https:\/\/www.radiopresidenteibanez.cl\/web\/dos-nuevos-ventiladores-mecanicos-llegaron-hasta-la-ciudad-de-punta-arenas-para-ser-puesto-a-disposicion-del-hospital-clinico-de-magallanes\/\">Leer m\u00e1s<\/a><\/p>\n","protected":false},"author":2,"featured_media":11044,"comment_status":"closed","ping_status":"closed","sticky":false,"template":"","format":"standard","meta":{"footnotes":""},"categories":[1],"tags":[],"class_list":["post-11043","post","type-post","status-publish","format-standard","has-post-thumbnail","hentry","category-cronica"],"_links":{"self":[{"href":"https:\/\/www.radiopresidenteibanez.cl\/web\/wp-json\/wp\/v2\/posts\/11043","targetHints":{"allow":["GET"]}}],"collection":[{"href":"https:\/\/www.radiopresidenteibanez.cl\/web\/wp-json\/wp\/v2\/posts"}],"about":[{"href":"https:\/\/www.radiopresidenteibanez.cl\/web\/wp-json\/wp\/v2\/types\/post"}],"author":[{"embeddable":true,"href":"https:\/\/www.radiopresidenteibanez.cl\/web\/wp-json\/wp\/v2\/users\/2"}],"replies":[{"embeddable":true,"href":"https:\/\/www.radiopresidenteibanez.cl\/web\/wp-json\/wp\/v2\/comments?post=11043"}],"version-history":[{"count":0,"href":"https:\/\/www.radiopresidenteibanez.cl\/web\/wp-json\/wp\/v2\/posts\/11043\/revisions"}],"wp:featuredmedia":[{"embeddable":true,"href":"https:\/\/www.radiopresidenteibanez.cl\/web\/wp-json\/wp\/v2\/media\/11044"}],"wp:attachment":[{"href":"https:\/\/www.radiopresidenteibanez.cl\/web\/wp-json\/wp\/v2\/media?parent=11043"}],"wp:term":[{"taxonomy":"category","embeddable":true,"href":"https:\/\/www.radiopresidenteibanez.cl\/web\/wp-json\/wp\/v2\/categories?post=11043"},{"taxonomy":"post_tag","embeddable":true,"href":"https:\/\/www.radiopresidenteibanez.cl\/web\/wp-json\/wp\/v2\/tags?post=11043"}],"curies":[{"name":"wp","href":"https:\/\/api.w.org\/{rel}","templated":true}]}}