{"id":11017,"date":"2020-04-14T00:11:13","date_gmt":"2020-04-14T00:11:13","guid":{"rendered":"https:\/\/www.radiopresidenteibanez.cl\/web\/?p=11017"},"modified":"2020-04-14T00:11:16","modified_gmt":"2020-04-14T00:11:16","slug":"seremi-de-hacienda-destaco-las-condiciones-definidas-para-la-banca-que-otorgara-creditos-con-garantias-estatales","status":"publish","type":"post","link":"https:\/\/www.radiopresidenteibanez.cl\/web\/seremi-de-hacienda-destaco-las-condiciones-definidas-para-la-banca-que-otorgara-creditos-con-garantias-estatales\/","title":{"rendered":"SEREMI DE HACIENDA DESTAC\u00d3 LAS CONDICIONES DEFINIDAS PARA LA BANCA QUE OTORGAR\u00c1 CR\u00c9DITOS CON GARANT\u00cdAS ESTATALES"},"content":{"rendered":"\n<p>El\nPresidente de la Rep\u00fablica, Sebasti\u00e1n Pi\u00f1era, y el Ministro de Hacienda,\nIgnacio Briones, dieron a conocer un exigente marco de condiciones establecido por\nel Gobierno para la gesti\u00f3n del programa de garant\u00edas estatales destinado a\nfacilitar el acceso de las empresas a cr\u00e9ditos de capital de trabajo. <\/p>\n\n\n\n<p>Este\nmarco permitir\u00eda garantizar nuevos cr\u00e9ditos por un monto hasta US$ 24.000 millones.\nEl Ministro Briones anunci\u00f3 que el proyecto de ley para capitalizar Fogape por\nUS$ 3.000 millones entrar\u00e1 con discusi\u00f3n inmediata al Senado para acudir lo m\u00e1s\npronto en ayuda a los emprendedores de Chile y puedan sobrepasar el transitorio\nshock econ\u00f3mico que habr\u00e1 en las pr\u00f3ximas semanas.<\/p>\n\n\n\n<p>Estas\nmedidas buscan entregar acceso a l\u00edneas de cr\u00e9dito para capital de trabajo que\nbeneficie al 99% de las empresas chilenas, para que de esta manera puedan\nsortear los efectos econ\u00f3micos que est\u00e1 produciendo la propagaci\u00f3n del\ncoronavirus. Este marco ha sido coordinado con acciones complementarias del\nBanco Central de Chile y de la Comisi\u00f3n para el Mercado Financiero (CMF), y ya\nfue comunicado a la banca. <\/p>\n\n\n\n<p>&nbsp;La seremi Lil Garc\u00e9s enfatiz\u00f3 \u201clos bancos\ntendr\u00e1n un rol fundamental en la implementaci\u00f3n de las l\u00edneas de cr\u00e9dito\nCOVID-19. Es relevante que las empresas puedan optar de manera r\u00e1pida,\ntransparente y expedita a los cr\u00e9ditos, bajo condiciones preferentes de tasas y\nplazos. Esto permitir\u00e1 que el esfuerzo que est\u00e1 realizando el Estado en \u00e9sta\nmateria, sea exitoso y efectivo, ya que nuestras empresas y sus trabajadores\nnecesitan con urgencia estos recursos para seguir operando en estas dif\u00edciles\ncircunstancias\u201d.<\/p>\n\n\n\n<p>Los elementos centrales del\nmarco definido por el Gobierno e informado a la banca son los siguientes:<\/p>\n\n\n\n<p>1) Montos: l\u00ednea de cr\u00e9dito\nCOVID-19 para capital de trabajo por un monto equivalente hasta 3 meses de\nventas en un per\u00edodo normal (octubre 2018-octubre 2019) para empresas con\nventas anuales de hasta 1 mill\u00f3n UF, abarcando a m\u00e1s del 99% del total de\nempresas existentes en el pa\u00eds.<\/p>\n\n\n\n<p>2)\nPlazo: Esta\nl\u00ednea tendr\u00e1 6 meses de gracia y ser\u00e1 pagadera en cuotas durante un per\u00edodo que\nir\u00e1 entre 24 y 48 meses.<\/p>\n\n\n\n<p>3)\nTasa: Los\ncr\u00e9ditos tendr\u00e1n una tasa de inter\u00e9s m\u00e1xima (TPM*+3%), lo que, en las actuales\ncircunstancias equivale a una tasa de inter\u00e9s real en torno a 0%. <\/p>\n\n\n\n<p>4)\nMasividad: El compromiso de los bancos es ofrecer la l\u00ednea de cr\u00e9dito COVID-19 en\nforma masiva, expedita y estandarizada. Esto significa que estar\u00e1 disponible\npara la inmensa mayor\u00eda de quienes son clientes comerciales de los bancos, es\ndecir 1,3 millones de potenciales beneficiarios, considerando personas\njur\u00eddicas y personas naturales con inicio de actividades productivas, que\ncumplan con los requisitos de elegibilidad y ventas anuales inferiores a 1\nmill\u00f3n UF. A su vez, se ha solicitado a la banca informar semanalmente las\nsolicitudes y aprobaciones de forma de supervisar el cumplimiento de este\ncompromiso y la transparencia del proceso.<\/p>\n\n\n\n<p>5)\nPostergaci\u00f3n de amortizaciones de otros cr\u00e9ditos: Para las empresas que suscriban la l\u00ednea de\ncr\u00e9dito COVID-19, los bancos postergar\u00e1n cualquier amortizaci\u00f3n de otros\ncr\u00e9ditos preexistentes por al menos 6 meses, de forma tal de aliviar la carga\nfinanciera en este dif\u00edcil momento por el que atraviesa el pa\u00eds.&nbsp; <\/p>\n\n\n\n<p>6)\nElegibilidad: Los criterios b\u00e1sicos de elegibilidad para\nacceder a estas garant\u00edas estatales ser\u00e1n que el cliente no se encuentre en un\nproceso concursal ni tenga m\u00e1s de 30 d\u00edas de mora al 30 de marzo de 2020, o al\n30 de octubre de 2019 para empresas con ventas menores a 25.000 UF. <\/p>\n","protected":false},"excerpt":{"rendered":"<p>El Presidente de la Rep\u00fablica, Sebasti\u00e1n Pi\u00f1era, y el Ministro de Hacienda, Ignacio Briones, dieron a conocer un exigente marco de condiciones establecido por el Gobierno para la gesti\u00f3n del&#8230; <a class=\"read-more\" href=\"https:\/\/www.radiopresidenteibanez.cl\/web\/seremi-de-hacienda-destaco-las-condiciones-definidas-para-la-banca-que-otorgara-creditos-con-garantias-estatales\/\">Leer m\u00e1s<\/a><\/p>\n","protected":false},"author":2,"featured_media":11018,"comment_status":"closed","ping_status":"closed","sticky":false,"template":"","format":"standard","meta":{"footnotes":""},"categories":[1],"tags":[],"class_list":["post-11017","post","type-post","status-publish","format-standard","has-post-thumbnail","hentry","category-cronica"],"_links":{"self":[{"href":"https:\/\/www.radiopresidenteibanez.cl\/web\/wp-json\/wp\/v2\/posts\/11017","targetHints":{"allow":["GET"]}}],"collection":[{"href":"https:\/\/www.radiopresidenteibanez.cl\/web\/wp-json\/wp\/v2\/posts"}],"about":[{"href":"https:\/\/www.radiopresidenteibanez.cl\/web\/wp-json\/wp\/v2\/types\/post"}],"author":[{"embeddable":true,"href":"https:\/\/www.radiopresidenteibanez.cl\/web\/wp-json\/wp\/v2\/users\/2"}],"replies":[{"embeddable":true,"href":"https:\/\/www.radiopresidenteibanez.cl\/web\/wp-json\/wp\/v2\/comments?post=11017"}],"version-history":[{"count":0,"href":"https:\/\/www.radiopresidenteibanez.cl\/web\/wp-json\/wp\/v2\/posts\/11017\/revisions"}],"wp:featuredmedia":[{"embeddable":true,"href":"https:\/\/www.radiopresidenteibanez.cl\/web\/wp-json\/wp\/v2\/media\/11018"}],"wp:attachment":[{"href":"https:\/\/www.radiopresidenteibanez.cl\/web\/wp-json\/wp\/v2\/media?parent=11017"}],"wp:term":[{"taxonomy":"category","embeddable":true,"href":"https:\/\/www.radiopresidenteibanez.cl\/web\/wp-json\/wp\/v2\/categories?post=11017"},{"taxonomy":"post_tag","embeddable":true,"href":"https:\/\/www.radiopresidenteibanez.cl\/web\/wp-json\/wp\/v2\/tags?post=11017"}],"curies":[{"name":"wp","href":"https:\/\/api.w.org\/{rel}","templated":true}]}}