{"id":11015,"date":"2020-04-13T23:12:04","date_gmt":"2020-04-13T23:12:04","guid":{"rendered":"https:\/\/www.radiopresidenteibanez.cl\/web\/?p=11015"},"modified":"2020-04-13T23:12:07","modified_gmt":"2020-04-13T23:12:07","slug":"unimarc-se-refiere-a-re-apertura-de-sus-locales-en-punta-arenas","status":"publish","type":"post","link":"https:\/\/www.radiopresidenteibanez.cl\/web\/unimarc-se-refiere-a-re-apertura-de-sus-locales-en-punta-arenas\/","title":{"rendered":"UNIMARC SE REFIERE A RE-APERTURA DE SUS LOCALES EN PUNTA ARENAS"},"content":{"rendered":"\n<p>En\nhoras de esta tarde, el Juzgado de Letras del Trabajo de Punta Arenas acogi\u00f3\nrecurso de reposici\u00f3n presentado por Unimarc,\nel cual impugnaba la resoluci\u00f3n emitida el 6 de abril que orden\u00f3 el cierre de las seis tiendas Unimarc\nde la ciudad hasta que la Seremi\nde Salud de Magallanes no\nemitiera un informe sobre las condiciones sanitarias y medidas de prevenci\u00f3n\ndel COVID 19 implementadas en estos supermercados, junto con solicitar un informe\nal IST respecto de protocolos vigentes, <strong>dejando\nsin efecto estas medidas cautelares<\/strong>.<\/p>\n\n\n\n<p>Lo\nanterior, luego que la Seremi de Salud de Magallanes confirmara el cumplimiento\nen materia de prevenci\u00f3n por parte de Unimarc\ndesde el inicio\nde esta emergencia sanitaria, indicando expresamente que \u201c<strong><em>la empresa cumple con la\nnormativa sanitaria establecida en el D.S. N\u00b0 594 Reglamento sobre Condiciones Sanitarias y Ambientales B\u00e1sicas\nen los Lugares de Trabajo\ny ha tomado las medidas\nde prevenci\u00f3n del COVID 19 se\u00f1aladas en las recomendaciones de actuaci\u00f3n\nen los lugares de trabajo <\/em><\/strong><strong><em>en el contexto COVID\n19, contenidas en el Ord. N\u00b0 1086 de 7 de abril\nde 2020 del Ministerio de Salud\u201d<\/em><\/strong>.<\/p>\n\n\n\n<p>De esta manera, desde este lunes 13 de abril, Unimarc\ncontin\u00faa operando en su modalidad de horarios\nresponsables, medida implementada antes de la presentaci\u00f3n de la demanda\nlaboral. Este horario considera un primer turno de 08:30 a 14:30 (con atenci\u00f3n\nexclusiva para adultos mayores de 65 a\u00f1os, embarazadas y personas con movilidad\nreducida durante la primera hora), un espacio de una hora y media para una\nlimpieza y sanitizaci\u00f3n profunda de los locales, y un segundo turno desde las\n16:00 hasta las 19:00 horas, de lunes a s\u00e1bado. Los domingos, en tanto, el horario\nde atenci\u00f3n es de 09:00 a 15:00 horas.<\/p>\n","protected":false},"excerpt":{"rendered":"<p>En horas de esta tarde, el Juzgado de Letras del Trabajo de Punta Arenas acogi\u00f3 recurso de reposici\u00f3n presentado por Unimarc, el cual impugnaba la resoluci\u00f3n emitida el 6 de&#8230; <a class=\"read-more\" href=\"https:\/\/www.radiopresidenteibanez.cl\/web\/unimarc-se-refiere-a-re-apertura-de-sus-locales-en-punta-arenas\/\">Leer m\u00e1s<\/a><\/p>\n","protected":false},"author":2,"featured_media":10779,"comment_status":"closed","ping_status":"closed","sticky":false,"template":"","format":"standard","meta":{"footnotes":""},"categories":[1],"tags":[],"class_list":["post-11015","post","type-post","status-publish","format-standard","has-post-thumbnail","hentry","category-cronica"],"_links":{"self":[{"href":"https:\/\/www.radiopresidenteibanez.cl\/web\/wp-json\/wp\/v2\/posts\/11015","targetHints":{"allow":["GET"]}}],"collection":[{"href":"https:\/\/www.radiopresidenteibanez.cl\/web\/wp-json\/wp\/v2\/posts"}],"about":[{"href":"https:\/\/www.radiopresidenteibanez.cl\/web\/wp-json\/wp\/v2\/types\/post"}],"author":[{"embeddable":true,"href":"https:\/\/www.radiopresidenteibanez.cl\/web\/wp-json\/wp\/v2\/users\/2"}],"replies":[{"embeddable":true,"href":"https:\/\/www.radiopresidenteibanez.cl\/web\/wp-json\/wp\/v2\/comments?post=11015"}],"version-history":[{"count":0,"href":"https:\/\/www.radiopresidenteibanez.cl\/web\/wp-json\/wp\/v2\/posts\/11015\/revisions"}],"wp:featuredmedia":[{"embeddable":true,"href":"https:\/\/www.radiopresidenteibanez.cl\/web\/wp-json\/wp\/v2\/media\/10779"}],"wp:attachment":[{"href":"https:\/\/www.radiopresidenteibanez.cl\/web\/wp-json\/wp\/v2\/media?parent=11015"}],"wp:term":[{"taxonomy":"category","embeddable":true,"href":"https:\/\/www.radiopresidenteibanez.cl\/web\/wp-json\/wp\/v2\/categories?post=11015"},{"taxonomy":"post_tag","embeddable":true,"href":"https:\/\/www.radiopresidenteibanez.cl\/web\/wp-json\/wp\/v2\/tags?post=11015"}],"curies":[{"name":"wp","href":"https:\/\/api.w.org\/{rel}","templated":true}]}}