{"id":11011,"date":"2020-04-13T23:04:29","date_gmt":"2020-04-13T23:04:29","guid":{"rendered":"https:\/\/www.radiopresidenteibanez.cl\/web\/?p=11011"},"modified":"2020-04-14T00:37:28","modified_gmt":"2020-04-14T00:37:28","slug":"areas-verdes-no-descarta-bajar-frecuencia-de-recoleccion-domiciliaria-a-raiz-del-problema-sanitario-del-covid-19","status":"publish","type":"post","link":"https:\/\/www.radiopresidenteibanez.cl\/web\/areas-verdes-no-descarta-bajar-frecuencia-de-recoleccion-domiciliaria-a-raiz-del-problema-sanitario-del-covid-19\/","title":{"rendered":"\u00c1REAS VERDES NO DESCARTA BAJAR FRECUENCIA DE RECOLECCI\u00d3N DOMICILIARIA A RA\u00cdZ DEL PROBLEMA SANITARIO DEL COVID-19"},"content":{"rendered":"\n<p>Hasta el momento la empresa \u00c1reas Verdes se encuentra\nrealizando la recolecci\u00f3n de residuos domiciliarios de manera normal en Punta\nArenas, con 70 personas por turnos, entre los conductores y recolectores, en\ndonde una de las medidas fue eliminar todas las reuniones de trabajo que se\nrealizaba durante las ma\u00f1anas antes del comienzo de la jornada laboral.<\/p>\n\n\n\n<p>Cabe recordar que la recolecci\u00f3n de residuos domiciliarios se\nrealiza tres veces a la semana por sector, en este sentido el Gerente de \u00c1reas\nVerdes, Carlos Estrada, expres\u00f3 que \u201cestamos viendo si bajamos la frecuencia a\ndos por semana, con la finalidad de poder entregar descanso a nuestros\ncolaboradores y cuidarlos ante el coronavirus\u201d.<\/p>\n\n\n\n<p>Estrada Goic, agreg\u00f3 que los trabajos que no se est\u00e1n realizando\nde manera normal son, la recolecci\u00f3n de cachureos campa\u00f1a impulsada por el municipio\nque se volver\u00e1 a retomar una vez que pase la crisis sanitaria, as\u00ed tambi\u00e9n, la limpieza\nde las calles en el sector c\u00e9ntrico y aleda\u00f1o de la ciudad.<\/p>\n\n\n\n<p>Por otra parte, Estrada Goic, se refiri\u00f3 a las cr\u00edticas que han salido desde el sindicato de trabajadores \u201csabemos que la relaci\u00f3n con ellos es compleja, pero como empresa hemos tomado las medidas correspondientes\u2026 la situaci\u00f3n de los nuevos turnos fue idea de nosotros y no propuesta por la asociaci\u00f3n\u201d.<\/p>\n\n\n\n<p>Otra de las recomendaciones que entreg\u00f3 Carlos Estrada a la comunidad, es a no llenar de cloro las bolsas ya que eso solo ayuda a alejar a los canes pero perjudica a los trabajadores \u201cotro problema que hemos tenido son las agujas, es raro ver a esta altura que personas no tengan conocimiento que esto provoca da\u00f1o en los recolectores\u201d.<\/p>\n\n\n\n<p>Finalmente, ayer por la tarde la empresa se reuni\u00f3 con el ISP a trav\u00e9s de una auditoria que fue solicitada por \u00c1reas Verdes, con la finalidad de que expertos puedan entregar mayores recomendaciones de cara a las labores diarias que realizan los recolectores de residuos domiciliarios.<\/p>\n\n\n\n<p><\/p>\n\n\n\n<p>CHH<\/p>\n","protected":false},"excerpt":{"rendered":"<p>Hasta el momento la empresa \u00c1reas Verdes se encuentra realizando la recolecci\u00f3n de residuos domiciliarios de manera normal en Punta Arenas, con 70 personas por turnos, entre los conductores y&#8230; <a class=\"read-more\" href=\"https:\/\/www.radiopresidenteibanez.cl\/web\/areas-verdes-no-descarta-bajar-frecuencia-de-recoleccion-domiciliaria-a-raiz-del-problema-sanitario-del-covid-19\/\">Leer m\u00e1s<\/a><\/p>\n","protected":false},"author":2,"featured_media":11013,"comment_status":"closed","ping_status":"closed","sticky":false,"template":"","format":"standard","meta":{"footnotes":""},"categories":[1],"tags":[],"class_list":["post-11011","post","type-post","status-publish","format-standard","has-post-thumbnail","hentry","category-cronica"],"_links":{"self":[{"href":"https:\/\/www.radiopresidenteibanez.cl\/web\/wp-json\/wp\/v2\/posts\/11011","targetHints":{"allow":["GET"]}}],"collection":[{"href":"https:\/\/www.radiopresidenteibanez.cl\/web\/wp-json\/wp\/v2\/posts"}],"about":[{"href":"https:\/\/www.radiopresidenteibanez.cl\/web\/wp-json\/wp\/v2\/types\/post"}],"author":[{"embeddable":true,"href":"https:\/\/www.radiopresidenteibanez.cl\/web\/wp-json\/wp\/v2\/users\/2"}],"replies":[{"embeddable":true,"href":"https:\/\/www.radiopresidenteibanez.cl\/web\/wp-json\/wp\/v2\/comments?post=11011"}],"version-history":[{"count":0,"href":"https:\/\/www.radiopresidenteibanez.cl\/web\/wp-json\/wp\/v2\/posts\/11011\/revisions"}],"wp:featuredmedia":[{"embeddable":true,"href":"https:\/\/www.radiopresidenteibanez.cl\/web\/wp-json\/wp\/v2\/media\/11013"}],"wp:attachment":[{"href":"https:\/\/www.radiopresidenteibanez.cl\/web\/wp-json\/wp\/v2\/media?parent=11011"}],"wp:term":[{"taxonomy":"category","embeddable":true,"href":"https:\/\/www.radiopresidenteibanez.cl\/web\/wp-json\/wp\/v2\/categories?post=11011"},{"taxonomy":"post_tag","embeddable":true,"href":"https:\/\/www.radiopresidenteibanez.cl\/web\/wp-json\/wp\/v2\/tags?post=11011"}],"curies":[{"name":"wp","href":"https:\/\/api.w.org\/{rel}","templated":true}]}}