{"id":11008,"date":"2020-04-13T22:22:25","date_gmt":"2020-04-13T22:22:25","guid":{"rendered":"https:\/\/www.radiopresidenteibanez.cl\/web\/?p=11008"},"modified":"2020-04-14T01:34:08","modified_gmt":"2020-04-14T01:34:08","slug":"nuevo-albergue-para-personas-en-situacion-de-calle","status":"publish","type":"post","link":"https:\/\/www.radiopresidenteibanez.cl\/web\/nuevo-albergue-para-personas-en-situacion-de-calle\/","title":{"rendered":"ADAPTAN EX ALBERGUE DEPORTIVO DE LA CIUDAD DE PUNTA ARENAS PARA PERSONAS EN SITUACI\u00d3N DE CALLE"},"content":{"rendered":"\n<p>Ante la pandemia mundial que estamos enfrentando, el Ministerio de Desarrollo Social y Familia cre\u00f3 la iniciativa Protege Calle COVID-19, la cual adem\u00e1s de crear protocolos para los dispositivos que atienden personas en situaci\u00f3n de calle, busca adelantar el Plan Invierno que se lleva a cabo a\u00f1o a a\u00f1o, que en la Regi\u00f3n cuenta con un albergue, el cual se mejorar\u00e1 para poder entregar una mayor protecci\u00f3n a las personas en situaci\u00f3n de calle considerando el contexto actual.<\/p>\n\n\n\n<p>Ante esto la Seremi de Desarrollo Social y Familia, Liz Casanueva dijo: \u201cEstamos haciendo todo lo que est\u00e1 a nuestro alcance en conjunto con nuestros ejecutores, para que este albergue comience a funcionar lo antes posible. As\u00ed podremos entregar un espacio de cuidado y protecci\u00f3n digno a los adultos mayores en situaci\u00f3n de calle, quienes son la prioridad en este momento para hacer uso de este lugar, por tratarse de una poblaci\u00f3n que puede ser m\u00e1s vulnerable a enfermarse severamente ante el contagio del COVID-19. Es importante se\u00f1alar que no se incluir\u00e1 a personas contagiadas, ya que \u00e9stas ser\u00e1n derivadas a una residencia sanitaria a cargo del MINSAL.\u201d<\/p>\n\n\n\n<p>El Instituto Nacional del Deporte facilit\u00f3 las dependencias del ahora ex Albergue Deportivo, emplazado al interior del Complejo Deportivo Fiscal de Punta Arenas, ubicado en Avenida Bulnes esquina Enrique Abello, para que los ejecutores del programa, FIDE XII, puedan implementar el establecimiento con todas las comodidades para que 20 personas en situaci\u00f3n de calle puedan contar con alojamiento, alimentaci\u00f3n, higiene, abrigo y atenci\u00f3n b\u00e1sica de salud a diario.<\/p>\n\n\n\n<p>Este dispositivo es un dispositivo de emergencia de car\u00e1cter temporal que dura&nbsp;&nbsp;120 d\u00edas, pero cabe se\u00f1alar que los ejecutores del programa, Fide XII, se adjudicaron un fondo del Gobierno Regional de Magallanes, lo cual permitir\u00e1 extender el periodo de servicio, permitiendo disminuir los riesgos de salud de estas personas, sobre todo hoy en d\u00eda con el Coronavirus.<\/p>\n","protected":false},"excerpt":{"rendered":"<p>Ante la pandemia mundial que estamos enfrentando, el Ministerio de Desarrollo Social y Familia cre\u00f3 la iniciativa Protege Calle COVID-19, la cual adem\u00e1s de crear protocolos para los dispositivos que&#8230; <a class=\"read-more\" href=\"https:\/\/www.radiopresidenteibanez.cl\/web\/nuevo-albergue-para-personas-en-situacion-de-calle\/\">Leer m\u00e1s<\/a><\/p>\n","protected":false},"author":2,"featured_media":11009,"comment_status":"closed","ping_status":"closed","sticky":false,"template":"","format":"standard","meta":{"footnotes":""},"categories":[1],"tags":[],"class_list":["post-11008","post","type-post","status-publish","format-standard","has-post-thumbnail","hentry","category-cronica"],"_links":{"self":[{"href":"https:\/\/www.radiopresidenteibanez.cl\/web\/wp-json\/wp\/v2\/posts\/11008","targetHints":{"allow":["GET"]}}],"collection":[{"href":"https:\/\/www.radiopresidenteibanez.cl\/web\/wp-json\/wp\/v2\/posts"}],"about":[{"href":"https:\/\/www.radiopresidenteibanez.cl\/web\/wp-json\/wp\/v2\/types\/post"}],"author":[{"embeddable":true,"href":"https:\/\/www.radiopresidenteibanez.cl\/web\/wp-json\/wp\/v2\/users\/2"}],"replies":[{"embeddable":true,"href":"https:\/\/www.radiopresidenteibanez.cl\/web\/wp-json\/wp\/v2\/comments?post=11008"}],"version-history":[{"count":0,"href":"https:\/\/www.radiopresidenteibanez.cl\/web\/wp-json\/wp\/v2\/posts\/11008\/revisions"}],"wp:featuredmedia":[{"embeddable":true,"href":"https:\/\/www.radiopresidenteibanez.cl\/web\/wp-json\/wp\/v2\/media\/11009"}],"wp:attachment":[{"href":"https:\/\/www.radiopresidenteibanez.cl\/web\/wp-json\/wp\/v2\/media?parent=11008"}],"wp:term":[{"taxonomy":"category","embeddable":true,"href":"https:\/\/www.radiopresidenteibanez.cl\/web\/wp-json\/wp\/v2\/categories?post=11008"},{"taxonomy":"post_tag","embeddable":true,"href":"https:\/\/www.radiopresidenteibanez.cl\/web\/wp-json\/wp\/v2\/tags?post=11008"}],"curies":[{"name":"wp","href":"https:\/\/api.w.org\/{rel}","templated":true}]}}