{"id":11005,"date":"2020-04-13T22:13:29","date_gmt":"2020-04-13T22:13:29","guid":{"rendered":"https:\/\/www.radiopresidenteibanez.cl\/web\/?p=11005"},"modified":"2020-04-13T22:13:35","modified_gmt":"2020-04-13T22:13:35","slug":"las-38-medidas-con-las-que-enap-magallanes-se-preparo-para-resguardar-la-salud-de-los-trabajadores-ante-el-coronavirus","status":"publish","type":"post","link":"https:\/\/www.radiopresidenteibanez.cl\/web\/las-38-medidas-con-las-que-enap-magallanes-se-preparo-para-resguardar-la-salud-de-los-trabajadores-ante-el-coronavirus\/","title":{"rendered":"LAS 38 MEDIDAS CON LAS QUE ENAP MAGALLANES SE PREPAR\u00d3 PARA RESGUARDAR LA SALUD DE LOS TRABAJADORES ANTE EL CORONAVIRUS"},"content":{"rendered":"\n<p>Con el firme prop\u00f3sito de resguardar la salud de todos sus trabajadores,\ndesde el inicio de la emergencia por Covid-19 ENAP Magallanes ha impulsado un\ncompleto paquete de medidas para mitigar riesgos y evitar la propagaci\u00f3n del\nvirus en sus operaciones. <\/p>\n\n\n\n<p>Siendo una de las primeras acciones el haber enviado a sus domicilios a\ntodo el personal considerado de riesgo por parte de las autoridades (embarazadas,\nm\u00e1s de 65 a\u00f1os, con enfermedades de base, etc), la empresa ha hecho importantes\nesfuerzos para asegurar el abastecimiento de gas para la poblaci\u00f3n. En ese\nsentido, para mantener sus operaciones se ha establecido una dotaci\u00f3n\noptimizada, tanto propia como de empresas colaboradoras, la cual ha debido\ncumplir con los distintos protocolos, instructivos y normativas que la empresa\nha establecido para hacer frente a la emergencia. \u201cReconocemos el rol\nestrat\u00e9gico que tenemos y es por eso que, una vez que activamos el Comit\u00e9 de\ncrisis por esta emergencia, el d\u00eda 16 de marzo, comenzamos a generar una serie\nde acciones que buscan resguardar a nuestros trabajadores, porque lo principal\nes cuidar la salud de las personas; y luego de eso, las operaciones. As\u00ed, ya\nhemos implementado 38 acciones muy concretas que se ir\u00e1n complementando con\notras a futuro, porque esto requiere de un an\u00e1lisis continuo y mucha gesti\u00f3n\npor parte de todas las \u00e1reas, especialmente las operativas\u201d, explic\u00f3 Rodrigo\nBustamante, gerente de ENAP Magallanes. <\/p>\n\n\n\n<p>Dentro de las acciones impulsadas, adem\u00e1s de potenciar el teletrabajo en\naquellas funciones que lo permiten, se han extremado los resguardos en las\ninstalaciones para quienes siguen en faena. Se gener\u00f3 mayor distribuci\u00f3n de\nalcohol gel, &nbsp;mascarillas y guantes; distanciamiento\nsocial en espacios comunes y en buses; sanitizaci\u00f3n diaria de casas, edificios\nadministrativos y veh\u00edculos; se suspendieron todas las actividades recreativas\ny deportivas en campamentos; se generaron horarios diferidos en comedores y se\nrealizan simulacros en las distintas unidades por caso sospechoso, adem\u00e1s de\ntomar la temperatura en forma diaria a todos los trabajadores, quienes deben\nllenar una encuesta de salud. Esta \u00faltima medida se refuerza en Posesi\u00f3n con el\ncierre perimetral del campamento, habilitando una sola entrada y salida para\ncontrolar a las personas. <\/p>\n\n\n\n<p>La empresa tambi\u00e9n cuenta con un protocolo que se activa cada vez que hay\nun caso sospechoso o cuando alg\u00fan trabajador, propio o externo, es confirmado\ncomo positivo. \u201cCada uno de los casos confirmados ha generado la activaci\u00f3n del\nprotocolo para determinar los contactos directos y aplicar la correspondiente\ncuarentena preventiva. Esta condici\u00f3n de salud, a su vez, es monitoreada en\nforma permanente, haciendo seguimiento al estado de salud de cada persona, lo\nque se informa internamente y a las autoridades que correspondan. Incluso\ngeneramos un bolet\u00edn especial que se distribuye a todos\u201d, explic\u00f3 Bustamante,\nquien tambi\u00e9n destac\u00f3 la comunicaci\u00f3n que se mantiene con los sindicatos, con\nquienes se conversa diariamente.<\/p>\n\n\n\n<p>En todo este intenso trabajo, destaca tambi\u00e9n las medidas implementadas\npara contener emocionalmente a los trabajadores, existiendo un sistema de apoyo\npsicosocial con profesionales disponibles para asistir a las personas y sus\nfamilias. De igual forma, en los pr\u00f3ximos d\u00edas se lanzar\u00e1 un completo programa\nde capacitaciones e-learning para todos aquellos trabajadores que quieran\nadquirir nuevos conocimientos en las m\u00e1s diversas \u00e1reas. <\/p>\n\n\n\n<figure class=\"wp-block-table\"><table class=\"\"><tbody><tr><td>\n  <strong>AREA<\/strong>\n  <\/td><td>\n  <strong>MEDIDA<\/strong>\n  <\/td><\/tr><tr><td>\n  <strong>Gerencia ENAP Magallanes<\/strong>\n  <\/td><td>\n  Comit\u00e9 de\n  crisis local\n  <\/td><\/tr><tr><td>\n  \n  <\/td><td>\n  Plan de\n  acci\u00f3n por Coronavirus ENAP Magallanes \n  <\/td><\/tr><tr><td>\n  Asignaci\u00f3n\n  de trabajadores en teletrabajo\n  <\/td><\/tr><tr><td>\n  Identificar\n  a los trabajadores en puestos\/funciones cr\u00edticas\n  <\/td><\/tr><tr><td>\n  <strong>Gerencia de Personas <\/strong>\n  <\/td><td>\n  Comit\u00e9 de\n  crisis Gerencia ENAP Magallanes con organizaciones sindicales\n  <\/td><\/tr><tr><td>\n  \n  <\/td><td>\n  Suspensi\u00f3n\n  de actividades recreativas y deportivas en gimnasios y en Cordenap en Punta\n  Arenas.\n  <\/td><\/tr><tr><td>\n  Horarios\n  diferidos de atenci\u00f3n en los servicios de alimentaci\u00f3n en comedores\n  <\/td><\/tr><tr><td>\n  Disposici\u00f3n\n  de alcohol gel en instalaciones\n  <\/td><\/tr><tr><td>\n  Aplicaci\u00f3n\n  de protocolo de aseo (con mayor intensidad y frecuencia) y sanitizaci\u00f3n de\n  instalaciones.\n  <\/td><\/tr><tr><td>\n  Sistema\n  de promoci\u00f3n de autocuidado, bienestar y apoyo psicosocial para trabajadores\/as\n  <\/td><\/tr><tr><td>\n  Capacitaci\u00f3n\n  remota de trabajadores\/as\n  <\/td><\/tr><tr><td>\n  <strong>SERVICIOS GENERALES<\/strong>\n  <\/td><td>\n  Medidas\n  en transporte de pasajeros\n  <\/td><\/tr><tr><td>\n  &nbsp;\n  <\/td><td>\n  Sanitizaci\u00f3n\n  de flota ENAP\n  <\/td><\/tr><tr><td>\n  Acondicionamiento\n  de van para traslado de posibles contagiados\n  <\/td><\/tr><tr><td>\n  Instalaci\u00f3n\n  de m\u00f3dulos habitacionales en campamento Arenal\n  <\/td><\/tr><tr><td>\n  Protocolos\n  de prevenci\u00f3n y control de potenciales Covid+ en empresas colaboradoras\n  <\/td><\/tr><tr><td>\n  <strong>Seguridad y salud Ocupacional<\/strong>\n  <\/td><td>\n  Declaraci\u00f3n\n  preventiva por Covid-19 y toma de temperatura de trabajadores antes de ir a\n  faenas.\n  <\/td><\/tr><tr><td>\n  \n  <\/td><td>\n  Programa\n  de simulacros sobre medidas preventivas y c\u00f3mo actuar en caso de sospecha\n  <\/td><\/tr><tr><td>\n  Contratos\n  de sanitizaci\u00f3n y desinfecci\u00f3n con empresas especialistas\n  <\/td><\/tr><tr><td>\n  Retiro de\n  las operaciones de personas con mayor riesgo seg\u00fan Minsal\n  <\/td><\/tr><tr><td>\n  Aplicaci\u00f3n\n  de protocolo de cuarentena a personal que retorne del extranjero (a partir\n  del 14 de marzo)\n  <\/td><\/tr><tr><td>\n  Control\n  permanente de personas contagiadas y sus contactos directos\n  <\/td><\/tr><tr><td>\n  <strong>Aprovisionamiento<\/strong>\n  <\/td><td>\n  Adquisici\u00f3n\n  de mascarillas y disposici\u00f3n en \u00e1reas de trabajo\n  <\/td><\/tr><tr><td>\n  <strong>Direcci\u00f3n refinaci\u00f3n y Comercializaci\u00f3n\n  (R&amp;C)<\/strong>\n  <\/td><td>\n  Protocolo\n  de acuerdo con normativa mar\u00edtima\n  <\/td><\/tr><tr><td>\n  <strong>Comunidades<\/strong>\n  <\/td><td>\n  Entrega\n  de informaci\u00f3n a alcaldes de comunas relacionadas con ENAP\n  <\/td><\/tr><tr><td>\n  &nbsp;\n  <\/td><td>\n  Informaci\u00f3n\n  a parlamentarios\n  <\/td><\/tr><tr><td>\n  Coordinaci\u00f3n\n  y contacto con la comunidad\n  <\/td><\/tr><tr><td>\n  Trabajo\n  con la Universidad de Magallanes para analizar posibilidad de apoyo en\n  insumos\n  <\/td><\/tr><tr><td>\n  Campa\u00f1as\n  solidarias para apoyar a sectores de la comunidad que m\u00e1s lo necesitan.\n  Canastas familiares para adultos mayores de Punta Arenas. \n  <\/td><\/tr><tr><td>\n  <strong>Comunicaciones<\/strong>\n  <\/td><td>\n  Bolet\u00edn\n  Covid-19\n  <\/td><\/tr><tr><td>\n  &nbsp;\n  <\/td><td>\n  Material\n  especial por Covid-19 en pantallas de ENAP TV\n  <\/td><\/tr><tr><td>\n  Minuta\n  con informaci\u00f3n de cada contagiado y contactos directos\n  <\/td><\/tr><tr><td>\n  Mensaje\n  interno respecto de nuevos casos Covid-19\n  <\/td><\/tr><tr><td>\n  <strong>Superintendencia Continente-Costa Afuera<\/strong>\n  <\/td><td>\n  Barrera\n  preventiva empresa Mitta Posesi\u00f3n (para regular las atenciones respecto de\n  veh\u00edculos)\n  <\/td><\/tr><tr><td>\n  &nbsp;\n  <\/td><td>\n  Cierre perimetral\n  del campamento y toma de temperatura a todas las personas\n  <\/td><\/tr><tr><td>\n  Medidas\n  preventivas en bodega de materiales en Posesi\u00f3n\n  <\/td><\/tr><tr><td>\n  Capacitaciones\n  a trabajadores sobre medidas preventivas (uso alcohol gel, lavado de manos\n  frecuente, distanciamiento social)\n  <\/td><\/tr><tr><td>\n  Lugares\n  habilitados para cuarentena preventiva\n  <\/td><\/tr><\/tbody><\/table><\/figure>\n","protected":false},"excerpt":{"rendered":"<p>Con el firme prop\u00f3sito de resguardar la salud de todos sus trabajadores, desde el inicio de la emergencia por Covid-19 ENAP Magallanes ha impulsado un completo paquete de medidas para&#8230; <a class=\"read-more\" href=\"https:\/\/www.radiopresidenteibanez.cl\/web\/las-38-medidas-con-las-que-enap-magallanes-se-preparo-para-resguardar-la-salud-de-los-trabajadores-ante-el-coronavirus\/\">Leer m\u00e1s<\/a><\/p>\n","protected":false},"author":2,"featured_media":11006,"comment_status":"closed","ping_status":"closed","sticky":false,"template":"","format":"standard","meta":{"footnotes":""},"categories":[1],"tags":[],"class_list":["post-11005","post","type-post","status-publish","format-standard","has-post-thumbnail","hentry","category-cronica"],"_links":{"self":[{"href":"https:\/\/www.radiopresidenteibanez.cl\/web\/wp-json\/wp\/v2\/posts\/11005","targetHints":{"allow":["GET"]}}],"collection":[{"href":"https:\/\/www.radiopresidenteibanez.cl\/web\/wp-json\/wp\/v2\/posts"}],"about":[{"href":"https:\/\/www.radiopresidenteibanez.cl\/web\/wp-json\/wp\/v2\/types\/post"}],"author":[{"embeddable":true,"href":"https:\/\/www.radiopresidenteibanez.cl\/web\/wp-json\/wp\/v2\/users\/2"}],"replies":[{"embeddable":true,"href":"https:\/\/www.radiopresidenteibanez.cl\/web\/wp-json\/wp\/v2\/comments?post=11005"}],"version-history":[{"count":0,"href":"https:\/\/www.radiopresidenteibanez.cl\/web\/wp-json\/wp\/v2\/posts\/11005\/revisions"}],"wp:featuredmedia":[{"embeddable":true,"href":"https:\/\/www.radiopresidenteibanez.cl\/web\/wp-json\/wp\/v2\/media\/11006"}],"wp:attachment":[{"href":"https:\/\/www.radiopresidenteibanez.cl\/web\/wp-json\/wp\/v2\/media?parent=11005"}],"wp:term":[{"taxonomy":"category","embeddable":true,"href":"https:\/\/www.radiopresidenteibanez.cl\/web\/wp-json\/wp\/v2\/categories?post=11005"},{"taxonomy":"post_tag","embeddable":true,"href":"https:\/\/www.radiopresidenteibanez.cl\/web\/wp-json\/wp\/v2\/tags?post=11005"}],"curies":[{"name":"wp","href":"https:\/\/api.w.org\/{rel}","templated":true}]}}