{"id":11000,"date":"2020-04-13T22:07:10","date_gmt":"2020-04-13T22:07:10","guid":{"rendered":"https:\/\/www.radiopresidenteibanez.cl\/web\/?p=11000"},"modified":"2020-04-13T22:07:13","modified_gmt":"2020-04-13T22:07:13","slug":"concejal-soler-reitera-la-importancia-vital-de-decretar-la-ordenanza-para-el-uso-obligatorio-de-mascarillas-en-la-comuna-de-punta-arenas","status":"publish","type":"post","link":"https:\/\/www.radiopresidenteibanez.cl\/web\/concejal-soler-reitera-la-importancia-vital-de-decretar-la-ordenanza-para-el-uso-obligatorio-de-mascarillas-en-la-comuna-de-punta-arenas\/","title":{"rendered":"CONCEJAL SOLER, REITERA LA IMPORTANCIA VITAL DE DECRETAR LA  ORDENANZA PARA EL \u201cUSO OBLIGATORIO DE MASCARILLAS EN LA COMUNA DE PUNTA ARENAS\u201d"},"content":{"rendered":"\n<p>Para el Concejal Alejandro Soler Gutierrez, es de vital importancia para los vecinos&nbsp;&nbsp;que la Municipalidad de Punta Arenas decrete, previo acuerdo del Concejo Municipal, la&nbsp;&nbsp;Ordenanza para el \u201cUso Obligatorio de Mascarillas en la Comuna de Punta Arenas, en relaci\u00f3n a la&nbsp;&nbsp;pandemia Coronaviruis o Covid \u2013 19\u201d,&nbsp;&nbsp;esto es algo urgente y necesario para evitar y disminuir la propagaci\u00f3n del virus en nuestra comuna.<\/p>\n\n\n\n<p>Nuestra Ciudad&nbsp;&nbsp;es una de las m\u00e1s afectadas del pa\u00eds por el contagio del Coronavirus, ya hemos tenido que lamentar 5 fallecimientos,&nbsp;&nbsp;al d\u00eda de hoy tenemos 387 contagiados en Punta Arenas, es decir 295 por cada 100.000.- habitantes,&nbsp;&nbsp;\u00edndice alt\u00edsimo en consideraci\u00f3n que al d\u00eda de hoy en todo Chile el \u00edndice es de&nbsp;&nbsp;40 por cada 100 mil,&nbsp;&nbsp;&nbsp;y en Espa\u00f1a&nbsp; uno de los pa\u00edses&nbsp;m\u00e1s castigas del mundo, el \u00edndice es de 360 por cada 100 mil habitantes.<\/p>\n\n\n\n<p>Por otro lado, seg\u00fan Informo la Coordinadora Regional de Seguridad Publica, en la Comisi\u00f3n de Seguridad del Concejo Municipal del 13 de abril, durante el fin de Semana Santa de los d\u00edas 10, 11 y 12 de abril,&nbsp;&nbsp;se otorgaron en la Regi\u00f3n 35.000 salvoconductos de permisos temporales para poder salir del aislamiento domiciliario.<\/p>\n\n\n\n<p>Por lo anterior, para el Concejal Soler es urgente dictar el Reglamento para el \u201cUso Obligatorio de Mascarillas en la Comuna de Punta Arenas, en relaci\u00f3n a la&nbsp;&nbsp;pandemia Coronaviruis o Covid \u2013 19\u201d,&nbsp;por ello,&nbsp;&nbsp;el edil solicito que la iniciativa de Reglamento pueda ser estudiada, y analizada en la Comisi\u00f3n de Salud del Concejo Municipal, para que en definitiva se pueda lograrse una propuesta de Ordenanza a presentar al Concejo Municipal.<\/p>\n","protected":false},"excerpt":{"rendered":"<p>Para el Concejal Alejandro Soler Gutierrez, es de vital importancia para los vecinos&nbsp;&nbsp;que la Municipalidad de Punta Arenas decrete, previo acuerdo del Concejo Municipal, la&nbsp;&nbsp;Ordenanza para el \u201cUso Obligatorio de&#8230; <a class=\"read-more\" href=\"https:\/\/www.radiopresidenteibanez.cl\/web\/concejal-soler-reitera-la-importancia-vital-de-decretar-la-ordenanza-para-el-uso-obligatorio-de-mascarillas-en-la-comuna-de-punta-arenas\/\">Leer m\u00e1s<\/a><\/p>\n","protected":false},"author":2,"featured_media":10202,"comment_status":"closed","ping_status":"closed","sticky":false,"template":"","format":"standard","meta":{"footnotes":""},"categories":[1],"tags":[],"class_list":["post-11000","post","type-post","status-publish","format-standard","has-post-thumbnail","hentry","category-cronica"],"_links":{"self":[{"href":"https:\/\/www.radiopresidenteibanez.cl\/web\/wp-json\/wp\/v2\/posts\/11000","targetHints":{"allow":["GET"]}}],"collection":[{"href":"https:\/\/www.radiopresidenteibanez.cl\/web\/wp-json\/wp\/v2\/posts"}],"about":[{"href":"https:\/\/www.radiopresidenteibanez.cl\/web\/wp-json\/wp\/v2\/types\/post"}],"author":[{"embeddable":true,"href":"https:\/\/www.radiopresidenteibanez.cl\/web\/wp-json\/wp\/v2\/users\/2"}],"replies":[{"embeddable":true,"href":"https:\/\/www.radiopresidenteibanez.cl\/web\/wp-json\/wp\/v2\/comments?post=11000"}],"version-history":[{"count":0,"href":"https:\/\/www.radiopresidenteibanez.cl\/web\/wp-json\/wp\/v2\/posts\/11000\/revisions"}],"wp:featuredmedia":[{"embeddable":true,"href":"https:\/\/www.radiopresidenteibanez.cl\/web\/wp-json\/wp\/v2\/media\/10202"}],"wp:attachment":[{"href":"https:\/\/www.radiopresidenteibanez.cl\/web\/wp-json\/wp\/v2\/media?parent=11000"}],"wp:term":[{"taxonomy":"category","embeddable":true,"href":"https:\/\/www.radiopresidenteibanez.cl\/web\/wp-json\/wp\/v2\/categories?post=11000"},{"taxonomy":"post_tag","embeddable":true,"href":"https:\/\/www.radiopresidenteibanez.cl\/web\/wp-json\/wp\/v2\/tags?post=11000"}],"curies":[{"name":"wp","href":"https:\/\/api.w.org\/{rel}","templated":true}]}}