{"id":10997,"date":"2020-04-13T22:01:53","date_gmt":"2020-04-13T22:01:53","guid":{"rendered":"https:\/\/www.radiopresidenteibanez.cl\/web\/?p=10997"},"modified":"2020-04-13T22:01:57","modified_gmt":"2020-04-13T22:01:57","slug":"autoridades-regionales-conocieron-estado-de-unidades-penales","status":"publish","type":"post","link":"https:\/\/www.radiopresidenteibanez.cl\/web\/autoridades-regionales-conocieron-estado-de-unidades-penales\/","title":{"rendered":"AUTORIDADES REGIONALES CONOCIERON ESTADO DE UNIDADES PENALES"},"content":{"rendered":"\n<p>En Punta Arenas se reunieron el jefe de la Defensa en Magallanes, Comandante del Comando Conjunto a cargo del Estado de Cat\u00e1strofe en la regi\u00f3n de Magallanes, general Rodrigo Ventura S., \u00a0y el director regional (S) de Gendarmer\u00eda, comandante Dan Toro A., con el fin de analizar la situaci\u00f3n penitenciaria en la zona, as\u00ed como planificar medidas de reacci\u00f3n frente a eventualidades sanitarias como otras relativas a la seguridad que se pudieran presentar en unidades carcelarias.<br>\u00abEn Magallanes la situaci\u00f3n de nuestras c\u00e1rceles es buena y se han adoptado todas las acciones necesarias para que permanezcamos en esta condici\u00f3n, expres\u00f3 el comandante Toro al finalizar este encuentro, quien agradeci\u00f3 adem\u00e1s las determinaciones adoptadas por el general Ventura en cuanto a dar soporte a las necesidad especiales que requiera Gendarmer\u00eda durante el Estado de Cat\u00e1strofe, espec\u00edficamente a Porvenir y Puerto Natales. <\/p>\n","protected":false},"excerpt":{"rendered":"<p>En Punta Arenas se reunieron el jefe de la Defensa en Magallanes, Comandante del Comando Conjunto a cargo del Estado de Cat\u00e1strofe en la regi\u00f3n de Magallanes, general Rodrigo Ventura&#8230; <a class=\"read-more\" href=\"https:\/\/www.radiopresidenteibanez.cl\/web\/autoridades-regionales-conocieron-estado-de-unidades-penales\/\">Leer m\u00e1s<\/a><\/p>\n","protected":false},"author":2,"featured_media":10998,"comment_status":"closed","ping_status":"closed","sticky":false,"template":"","format":"standard","meta":{"footnotes":""},"categories":[1],"tags":[],"class_list":["post-10997","post","type-post","status-publish","format-standard","has-post-thumbnail","hentry","category-cronica"],"_links":{"self":[{"href":"https:\/\/www.radiopresidenteibanez.cl\/web\/wp-json\/wp\/v2\/posts\/10997","targetHints":{"allow":["GET"]}}],"collection":[{"href":"https:\/\/www.radiopresidenteibanez.cl\/web\/wp-json\/wp\/v2\/posts"}],"about":[{"href":"https:\/\/www.radiopresidenteibanez.cl\/web\/wp-json\/wp\/v2\/types\/post"}],"author":[{"embeddable":true,"href":"https:\/\/www.radiopresidenteibanez.cl\/web\/wp-json\/wp\/v2\/users\/2"}],"replies":[{"embeddable":true,"href":"https:\/\/www.radiopresidenteibanez.cl\/web\/wp-json\/wp\/v2\/comments?post=10997"}],"version-history":[{"count":0,"href":"https:\/\/www.radiopresidenteibanez.cl\/web\/wp-json\/wp\/v2\/posts\/10997\/revisions"}],"wp:featuredmedia":[{"embeddable":true,"href":"https:\/\/www.radiopresidenteibanez.cl\/web\/wp-json\/wp\/v2\/media\/10998"}],"wp:attachment":[{"href":"https:\/\/www.radiopresidenteibanez.cl\/web\/wp-json\/wp\/v2\/media?parent=10997"}],"wp:term":[{"taxonomy":"category","embeddable":true,"href":"https:\/\/www.radiopresidenteibanez.cl\/web\/wp-json\/wp\/v2\/categories?post=10997"},{"taxonomy":"post_tag","embeddable":true,"href":"https:\/\/www.radiopresidenteibanez.cl\/web\/wp-json\/wp\/v2\/tags?post=10997"}],"curies":[{"name":"wp","href":"https:\/\/api.w.org\/{rel}","templated":true}]}}