{"id":10994,"date":"2020-04-13T21:22:38","date_gmt":"2020-04-13T21:22:38","guid":{"rendered":"https:\/\/www.radiopresidenteibanez.cl\/web\/?p=10994"},"modified":"2020-04-13T21:22:42","modified_gmt":"2020-04-13T21:22:42","slug":"senador-carlos-bianchi-logro-sesion-especial-del-senado-para-abordar-millonarias-perdidas-que-estan-afectando-fondos-de-pensiones","status":"publish","type":"post","link":"https:\/\/www.radiopresidenteibanez.cl\/web\/senador-carlos-bianchi-logro-sesion-especial-del-senado-para-abordar-millonarias-perdidas-que-estan-afectando-fondos-de-pensiones\/","title":{"rendered":"SENADOR CARLOS BIANCHI LOGR\u00d3 SESI\u00d3N ESPECIAL DEL SENADO PARA ABORDAR MILLONARIAS P\u00c9RDIDAS QUE EST\u00c1N AFECTANDO FONDOS DE PENSIONES"},"content":{"rendered":"\n<p>El\nsenador de Magallanes, Carlos Bianchi, inform\u00f3 que tras intensas gestiones se\nlogr\u00f3 concretar una sesi\u00f3n especial para ver el da\u00f1o en las cuentas de todos\nlos cotizantes de AFP. Lo anterior ocurre pese a la fuerte oposici\u00f3n de\nsectores de la derecha que defienden los intereses econ\u00f3micos de los poderosos\nligados a las AFP.<\/p>\n\n\n\n<p>La sesi\u00f3n ser\u00e1 para abordar las millonarias p\u00e9rdidas que han tenido los Fondos de Pensiones que cotizan en el sistema de AFP por lo que se llam\u00f3 a las trabajadoras y trabajadores a estar atento a la sesi\u00f3n especial del Senado, que se desarrollar\u00e1 ma\u00f1ana martes 14 de abril a partir de las 12.00 horas en Magallanes.<\/p>\n\n\n\n<p>\u201cEsta\nemergencia sanitaria nos est\u00e1 dejando innumerables consecuencias. Es as\u00ed como\nhemos sido testigos como las AFP han guardado vergonzoso silencio ante las\nmillonarias p\u00e9rdidas que est\u00e1n teniendo los fondos previsionales. A lo anterior\ndebemos sumar la inacci\u00f3n por parte de las autoridades del gobierno que tampoco\nse han pronunciado sobre qu\u00e9 medidas implementar\u00e1n para frenar esta emergencia\nque afecta a millones de chilenos.\u201d<\/p>\n\n\n\n<p>Bianchi\ndijo que \u201cNo debe tomarse\nesta situaci\u00f3n a la ligera\ny las repercusiones sociales\ny pol\u00edticas que puedan derivarse de los efectos negativos que est\u00e1n teniendo\nactualmente los Fondos de Pensiones,\ndonde vemos que las AFPs siguen intocables en una zona de confort y la que han\nmantenido por mucho tiempo al tener ellos, las AFPs, ingresos asegurados mes a\nmes y no asi los cotizantes.\u201d<\/p>\n\n\n\n<p>\u201cResulta\nurgente estudiar los procesos\nde jubilaci\u00f3n en su actual escenario,\nlas administradoras no pueden solo obtener\nganancias en tiempos de bonanza y evitar asumir riesgo y perdidas en periodos\ncr\u00edticos, considerando, adem\u00e1s, el monto de las millonarias utilidades\nobtenidas en los \u00faltimos a\u00f1os por\nlas AFPs.\u201d Y as\u00ed lo expondremos en la sesi\u00f3n adelant\u00f3 Bianchi.<\/p>\n\n\n\n<p>La\nsesi\u00f3n, que ser\u00e1 transmitida a partir de las 11.00 horas de ma\u00f1ana martes 14 de\nabril por la se\u00f1al de TV del Senado y en internet por <a href=\"http:\/\/www.tv.senado.cl\">www.tv.senado.cl<\/a>,\ncomo as\u00ed tambi\u00e9n por las diversas plataformas digitales del parlamentario\nmagall\u00e1nico. A la sesi\u00f3n est\u00e1n convocados la ministra del trabajo y el\nsuperintendente de seguridad social y pensiones.<\/p>\n","protected":false},"excerpt":{"rendered":"<p>El senador de Magallanes, Carlos Bianchi, inform\u00f3 que tras intensas gestiones se logr\u00f3 concretar una sesi\u00f3n especial para ver el da\u00f1o en las cuentas de todos los cotizantes de AFP&#8230;. <a class=\"read-more\" href=\"https:\/\/www.radiopresidenteibanez.cl\/web\/senador-carlos-bianchi-logro-sesion-especial-del-senado-para-abordar-millonarias-perdidas-que-estan-afectando-fondos-de-pensiones\/\">Leer m\u00e1s<\/a><\/p>\n","protected":false},"author":2,"featured_media":1915,"comment_status":"closed","ping_status":"closed","sticky":false,"template":"","format":"standard","meta":{"footnotes":""},"categories":[1],"tags":[],"class_list":["post-10994","post","type-post","status-publish","format-standard","has-post-thumbnail","hentry","category-cronica"],"_links":{"self":[{"href":"https:\/\/www.radiopresidenteibanez.cl\/web\/wp-json\/wp\/v2\/posts\/10994","targetHints":{"allow":["GET"]}}],"collection":[{"href":"https:\/\/www.radiopresidenteibanez.cl\/web\/wp-json\/wp\/v2\/posts"}],"about":[{"href":"https:\/\/www.radiopresidenteibanez.cl\/web\/wp-json\/wp\/v2\/types\/post"}],"author":[{"embeddable":true,"href":"https:\/\/www.radiopresidenteibanez.cl\/web\/wp-json\/wp\/v2\/users\/2"}],"replies":[{"embeddable":true,"href":"https:\/\/www.radiopresidenteibanez.cl\/web\/wp-json\/wp\/v2\/comments?post=10994"}],"version-history":[{"count":0,"href":"https:\/\/www.radiopresidenteibanez.cl\/web\/wp-json\/wp\/v2\/posts\/10994\/revisions"}],"wp:featuredmedia":[{"embeddable":true,"href":"https:\/\/www.radiopresidenteibanez.cl\/web\/wp-json\/wp\/v2\/media\/1915"}],"wp:attachment":[{"href":"https:\/\/www.radiopresidenteibanez.cl\/web\/wp-json\/wp\/v2\/media?parent=10994"}],"wp:term":[{"taxonomy":"category","embeddable":true,"href":"https:\/\/www.radiopresidenteibanez.cl\/web\/wp-json\/wp\/v2\/categories?post=10994"},{"taxonomy":"post_tag","embeddable":true,"href":"https:\/\/www.radiopresidenteibanez.cl\/web\/wp-json\/wp\/v2\/tags?post=10994"}],"curies":[{"name":"wp","href":"https:\/\/api.w.org\/{rel}","templated":true}]}}