{"id":10991,"date":"2020-04-13T19:26:56","date_gmt":"2020-04-13T19:26:56","guid":{"rendered":"https:\/\/www.radiopresidenteibanez.cl\/web\/?p=10991"},"modified":"2020-04-13T19:27:00","modified_gmt":"2020-04-13T19:27:00","slug":"pesar-por-el-fallecimiento-de-juanpe-gallardo-colaborar-y-amigo-de-nuestra-emisora","status":"publish","type":"post","link":"https:\/\/www.radiopresidenteibanez.cl\/web\/pesar-por-el-fallecimiento-de-juanpe-gallardo-colaborar-y-amigo-de-nuestra-emisora\/","title":{"rendered":"PESAR POR EL FALLECIMIENTO DE \u00abJUANPE\u00bb GALLARDO COLABORAR Y AMIGO DE NUESTRA EMISORA"},"content":{"rendered":"\n<p>Juan Pedro Gallardo \u00c1lvarez, conocido como \u00abJuanpe\u00bb entre los locutores, controles, familia y amigos, se inici\u00f3 en el mundo de las comunicaciones en el a\u00f1o 60&#8242; en Radio Austral, pero donde tuvo su mayor estad\u00eda fue en la primera etapa de vuestra emisora Radio Presidente Ib\u00e1\u00f1ez, donde tambi\u00e9n jug\u00f3 un papel relevante al ocupar el cargo de presidente del sindicato de trabajadores de la emisora.<\/p>\n\n\n\n<p>Gallardo \u00c1lvarez, tambi\u00e9n fue colaborador de Radio Mineria por alg\u00fan tiempo.<\/p>\n\n\n\n<p>\u00abJuanpe\u00bb ven\u00eda aquejado de algunos problemas de salud y fue hoy por la ma\u00f1ana que se notific\u00f3 su lamentable fallecimiento.<\/p>\n\n\n\n<p>El Directorio de nuestra emisora, Francisco P\u00e9rez San Juan y Susana Ram\u00edrez, junto a su familia y colaboradores de Radio Presidente Ib\u00e1\u00f1ez, hacen llegar sus condolencias a la familia y cercanos de nuestro amigo \u00abJuanpe\u00bb Gallardo.<\/p>\n","protected":false},"excerpt":{"rendered":"<p>Juan Pedro Gallardo \u00c1lvarez, conocido como \u00abJuanpe\u00bb entre los locutores, controles, familia y amigos, se inici\u00f3 en el mundo de las comunicaciones en el a\u00f1o 60&#8242; en Radio Austral, pero&#8230; <a class=\"read-more\" href=\"https:\/\/www.radiopresidenteibanez.cl\/web\/pesar-por-el-fallecimiento-de-juanpe-gallardo-colaborar-y-amigo-de-nuestra-emisora\/\">Leer m\u00e1s<\/a><\/p>\n","protected":false},"author":2,"featured_media":10992,"comment_status":"closed","ping_status":"closed","sticky":false,"template":"","format":"standard","meta":{"footnotes":""},"categories":[1],"tags":[],"class_list":["post-10991","post","type-post","status-publish","format-standard","has-post-thumbnail","hentry","category-cronica"],"_links":{"self":[{"href":"https:\/\/www.radiopresidenteibanez.cl\/web\/wp-json\/wp\/v2\/posts\/10991","targetHints":{"allow":["GET"]}}],"collection":[{"href":"https:\/\/www.radiopresidenteibanez.cl\/web\/wp-json\/wp\/v2\/posts"}],"about":[{"href":"https:\/\/www.radiopresidenteibanez.cl\/web\/wp-json\/wp\/v2\/types\/post"}],"author":[{"embeddable":true,"href":"https:\/\/www.radiopresidenteibanez.cl\/web\/wp-json\/wp\/v2\/users\/2"}],"replies":[{"embeddable":true,"href":"https:\/\/www.radiopresidenteibanez.cl\/web\/wp-json\/wp\/v2\/comments?post=10991"}],"version-history":[{"count":0,"href":"https:\/\/www.radiopresidenteibanez.cl\/web\/wp-json\/wp\/v2\/posts\/10991\/revisions"}],"wp:featuredmedia":[{"embeddable":true,"href":"https:\/\/www.radiopresidenteibanez.cl\/web\/wp-json\/wp\/v2\/media\/10992"}],"wp:attachment":[{"href":"https:\/\/www.radiopresidenteibanez.cl\/web\/wp-json\/wp\/v2\/media?parent=10991"}],"wp:term":[{"taxonomy":"category","embeddable":true,"href":"https:\/\/www.radiopresidenteibanez.cl\/web\/wp-json\/wp\/v2\/categories?post=10991"},{"taxonomy":"post_tag","embeddable":true,"href":"https:\/\/www.radiopresidenteibanez.cl\/web\/wp-json\/wp\/v2\/tags?post=10991"}],"curies":[{"name":"wp","href":"https:\/\/api.w.org\/{rel}","templated":true}]}}