{"id":10982,"date":"2020-04-13T12:56:17","date_gmt":"2020-04-13T12:56:17","guid":{"rendered":"https:\/\/www.radiopresidenteibanez.cl\/web\/?p=10982"},"modified":"2020-04-13T12:56:22","modified_gmt":"2020-04-13T12:56:22","slug":"una-pascua-en-cuarentenapor-ernesto-sepulveda","status":"publish","type":"post","link":"https:\/\/www.radiopresidenteibanez.cl\/web\/una-pascua-en-cuarentenapor-ernesto-sepulveda\/","title":{"rendered":"UNA PASCUA EN CUARENTENA\tpor ERNESTO SEPULVEDA"},"content":{"rendered":"\n<p>Esta semana se celebr\u00f3 la Pascua. En\nla tradici\u00f3n hebrea la festividad inicia el&nbsp;&nbsp;d\u00eda jueves, y en ella se\ncelebra la liberaci\u00f3n del pueblo de Israel, de la esclavitud en Egipto. En la\ntradici\u00f3n cristiana, se celebra la resurrecci\u00f3n de Jes\u00fas, luego de haber\nofrendado su vida por los pecados de los hombres. En el primer caso, se trata\nde la celebraci\u00f3n de una liberaci\u00f3n f\u00edsica, material, donde se inicia el \u00e9xodo\nhacia la tierra prometida. En el segundo caso,&nbsp;&nbsp;Jes\u00fas con su resurrecci\u00f3n,\nvence al pecado, libera a los hombres de esa carga espiritual, y promete la\nvida eterna a quienes sean capaces de seguirlo.<\/p>\n\n\n\n<p>Importantes l\u00edderes mundiales, jefes de estado, hicieron esta semana,\nreferencia a la Pascua de resurrecci\u00f3n. Enfrentados a una pandemia como pocas\nveces se ha visto, ha surgido con fuerza en todo el mundo, una reflexi\u00f3n acerca\ndel sentido de la vida. No es que las masas se vayan a volver instant\u00e1neamente\nhacia iglesias o sinagogas. Es una actitud de humildad, que brota naturalmente,\nante lo inevitable, ante lo insuperable. El dilema \u00e9tico acerca de la vida y la\nmuerte est\u00e1 cada vez m\u00e1s presente. En Chile, el rector de la pontificia\nUniversidad Cat\u00f3lica de Chile, fue el primero en referirse al punto. El tema\ntiene una importancia suma, cual es la conducta que dicta la \u00e9tica, cuando se\ndebe decidir sobre el uso de elementos m\u00e9dicos escasos.<\/p>\n\n\n\n<p>Estamos viviendo circunstancias que nos obligan a decidir cada d\u00eda sobre la\nvida o la muerte. Esa es la cruda verdad. Optamos por la vida, cuando decidimos\ncumplir las recomendaciones de la autoridad de salud, de quedarnos en casa, de\nguardar una distancia f\u00edsica de 2 metros con otras personas. Cuando decidimos\nponernos mascarilla si estamos obligados a salir de casa.&nbsp;&nbsp;En cambio,\njugamos a una peligrosa ruleta rusa, cuando no acatamos estas recomendaciones,\ny seguimos saliendo de juerga, a emborracharnos como si fueran vacaciones. Pero\ntambi\u00e9n, optamos por la muerte, cuando seguimos haciendo vida social, visitando\namigos, o cuando con excusas diversas seguimos saliendo de casa en cuarentena.\nEsta semana, s\u00f3lo en un d\u00eda se solicitaron en Punta Arenas, 6 mil permisos\ntemporales. Es una locura con todas sus letras,&nbsp;&nbsp;con la tasa m\u00e1s alta\ndel pa\u00eds, de contagiados por cada 100 mil habitantes.<\/p>\n\n\n\n<p>Ante la cercan\u00eda de la muerte, en el pasado la gente organizaba fiestas,\nsabiendo que era lo \u00faltimo que iba a hacer en vida. Ocurri\u00f3 en muchos pueblos\nde la antigua Europa. Era la peste negra. Que se llev\u00f3 casi a la mitad de los\nhabitantes del viejo continente. No creo que en Chile, y en especial en\nMagallanes, estemos de \u00e1nimo para una fiesta de esas. Tenemos hijos e hijas,\npadres, abuelos a los que cuidar. Por ellos debemos optar.<\/p>\n\n\n\n<p>No queremos ver m\u00e1s veraneantes de fin de semana, repletando las autopistas\ndel centro y norte del pa\u00eds. No queremos ver m\u00e1s ebrios detenidos en Toque de\nqueda ac\u00e1 en Magallanes. No queremos saber de finos personajes, desplaz\u00e1ndose\nen helic\u00f3ptero, hacia lugares de recreo, burlando la cuarentena.<\/p>\n\n\n\n<p>En el momento vital en el que nos encontramos, y a prop\u00f3sito de la Pascua,\nqueremos ser liberados&nbsp;&nbsp;de toda esclavitud, queremos ser purificados,\ny renacer, con m\u00e1s fuerza y alegr\u00eda que antes. Renacer a una nueva vida. Una\nexistencia con sentido trascendente, donde el compartir con los otros, el\npreocuparse de los otros, sobre todo de los que m\u00e1s sufren, sea un motor de\nnuestra existencia. Que podamos construir una sociedad fundada en el amor a los\notros, al deseo de paz, de armon\u00eda. Donde la prosperidad sea compartida.<\/p>\n\n\n\n<p>En Magallanes tenemos mucho por hacer, debemos dejar el ego\u00edsmo, dejar el\nindividualismo, he aprendido que ser magall\u00e1nico, no es hacer las cosas como te\nde la gana, sin importar los dem\u00e1s. Ser magall\u00e1nico es estar dispuesto a\nhacer&nbsp;&nbsp;lo que sea necesario, pensando en los dem\u00e1s. Quienes hoy d\u00eda\nencarnan en profundo sentido identitario, es el personal de los servicios de\nsalud, que est\u00e1n en la primera l\u00ednea de atenci\u00f3n.<\/p>\n\n\n\n<p>Como lo he dicho en columnas pasadas, tengo la certeza que vamos a superar,\neste desaf\u00edo que la vida nos pone por delante. Pero necesitamos tambi\u00e9n un\nesfuerzo especial de nuestras autoridades. La agilidad en la gesti\u00f3n de los\nrecursos para enfrentar la pandemia, debe ser la norma. Es posible despejar\nnudos de gesti\u00f3n, reducir tiempos de tramitaci\u00f3n. Es posible ganarle a la\nburocracia centralista. Esto requiere voluntad pol\u00edtica, y audacia. Pero es lo\nm\u00ednimo que podemos esperar de las autoridades regionales.<\/p>\n\n\n\n<p>Sigamos unidos en un mismo prop\u00f3sito, sobrevivir. Salvar vidas. Contribuir\ncada uno desde nuestro hogar o lugar de trabajo. Con la esperanza renacida, un\ncaluroso saludo a todos ustedes.<\/p>\n\n\n\n<p>ERNESTO SEP\u00daLVEDA TORNERO<\/p>\n","protected":false},"excerpt":{"rendered":"<p>Esta semana se celebr\u00f3 la Pascua. En la tradici\u00f3n hebrea la festividad inicia el&nbsp;&nbsp;d\u00eda jueves, y en ella se celebra la liberaci\u00f3n del pueblo de Israel, de la esclavitud en&#8230; <a class=\"read-more\" href=\"https:\/\/www.radiopresidenteibanez.cl\/web\/una-pascua-en-cuarentenapor-ernesto-sepulveda\/\">Leer m\u00e1s<\/a><\/p>\n","protected":false},"author":2,"featured_media":2310,"comment_status":"closed","ping_status":"closed","sticky":false,"template":"","format":"standard","meta":{"footnotes":""},"categories":[1],"tags":[],"class_list":["post-10982","post","type-post","status-publish","format-standard","has-post-thumbnail","hentry","category-cronica"],"_links":{"self":[{"href":"https:\/\/www.radiopresidenteibanez.cl\/web\/wp-json\/wp\/v2\/posts\/10982","targetHints":{"allow":["GET"]}}],"collection":[{"href":"https:\/\/www.radiopresidenteibanez.cl\/web\/wp-json\/wp\/v2\/posts"}],"about":[{"href":"https:\/\/www.radiopresidenteibanez.cl\/web\/wp-json\/wp\/v2\/types\/post"}],"author":[{"embeddable":true,"href":"https:\/\/www.radiopresidenteibanez.cl\/web\/wp-json\/wp\/v2\/users\/2"}],"replies":[{"embeddable":true,"href":"https:\/\/www.radiopresidenteibanez.cl\/web\/wp-json\/wp\/v2\/comments?post=10982"}],"version-history":[{"count":0,"href":"https:\/\/www.radiopresidenteibanez.cl\/web\/wp-json\/wp\/v2\/posts\/10982\/revisions"}],"wp:featuredmedia":[{"embeddable":true,"href":"https:\/\/www.radiopresidenteibanez.cl\/web\/wp-json\/wp\/v2\/media\/2310"}],"wp:attachment":[{"href":"https:\/\/www.radiopresidenteibanez.cl\/web\/wp-json\/wp\/v2\/media?parent=10982"}],"wp:term":[{"taxonomy":"category","embeddable":true,"href":"https:\/\/www.radiopresidenteibanez.cl\/web\/wp-json\/wp\/v2\/categories?post=10982"},{"taxonomy":"post_tag","embeddable":true,"href":"https:\/\/www.radiopresidenteibanez.cl\/web\/wp-json\/wp\/v2\/tags?post=10982"}],"curies":[{"name":"wp","href":"https:\/\/api.w.org\/{rel}","templated":true}]}}