{"id":10980,"date":"2020-04-13T12:48:38","date_gmt":"2020-04-13T12:48:38","guid":{"rendered":"https:\/\/www.radiopresidenteibanez.cl\/web\/?p=10980"},"modified":"2020-04-13T12:48:42","modified_gmt":"2020-04-13T12:48:42","slug":"alejandro-avendano-gallardo-es-preocupante-la-cantidad-de-trabajadores-con-covid-19-en-la-comuna-de-primavera","status":"publish","type":"post","link":"https:\/\/www.radiopresidenteibanez.cl\/web\/alejandro-avendano-gallardo-es-preocupante-la-cantidad-de-trabajadores-con-covid-19-en-la-comuna-de-primavera\/","title":{"rendered":"ALEJANDRO AVENDA\u00d1O GALLARDO \u201cES PREOCUPANTE LA CANTIDAD DE TRABAJADORES CON COVID-19 EN LA COMUNA DE PRIMAVERA\u201d"},"content":{"rendered":"\n<p>La directiva del sindicato de\ntrabajadores de Enap Magallanes manifest\u00f3 su m\u00e1s absoluta preocupaci\u00f3n con\nrespecto a la situaci\u00f3n que viven los trabajadores en Tierra del Fuego,\nespec\u00edficamente en la comuna de primavera. El presidente de la directiva sindical\nenapina, Alejandro Avenda\u00f1o Gallardo, manifest\u00f3 que en Sombrero comuna de\nprimavera ya hay 5 casos con covid 19 positivo, dos trabajadores de la empresa\nnacional del petr\u00f3leo y tres trabajadores de empresas colaboradoras, por lo que\nsumado a los casos de Porvenir suman ya nueve casos para la provincia de Tierra\ndel Fuego y no cuatro como indica la autoridad a nivel nacional, lo que es\nurgente una cuarentena total para la Isla. <\/p>\n\n\n\n<p>El l\u00edder sindical, manifest\u00f3 que estamos\nenfrentados a una situaci\u00f3n de coronavirus muy preocupante y delicada a lo que\nhoy todav\u00eda muchas personas no han tomado conciencia de la magnitud de este\nvirus y sobre todo con los datos estad\u00edsticos que somos la primera regi\u00f3n en\ncantidad de contagiados y con un sistema de salud bastante limitado, m\u00e1s a\u00fan en\nTierra del Fuego donde no se cuenta con especialistas de salud para enfrentar\neste virus. &nbsp;&nbsp;<\/p>\n\n\n\n<p>Finalmente, Avenda\u00f1o, a nombre de la\ndirectiva sindical entreg\u00f3 un saludo y agradecimiento a los trabajadores de la\nsalud ya que han demostrado su esp\u00edritu de servicio m\u00e1s all\u00e1 de lo normal con\ngrandes esfuerzos y horarios que resultan muy estresantes y gastadores y con la\npreocupaci\u00f3n de sus familias, representando la primera l\u00ednea en esta crisis de\npandemia mundial. Esperamos tambi\u00e9n que los trabajadores contagiados se\nrecuperen satisfactoriamente, y al mismo tiempo hacer un llamado a la\nciudadan\u00eda a ser responsables y respetar la cuarentena manteni\u00e9ndose en casa y\nsalir cuando sea lo estrictamente necesario ya que con ello no s\u00f3lo se ponen el\nriesgo ellos sino que con la vida de las dem\u00e1s personas y sus familias, finaliz\u00f3\nse\u00f1alando el representante de los trabajadores petroleros. <strong>&nbsp;<\/strong><\/p>\n","protected":false},"excerpt":{"rendered":"<p>La directiva del sindicato de trabajadores de Enap Magallanes manifest\u00f3 su m\u00e1s absoluta preocupaci\u00f3n con respecto a la situaci\u00f3n que viven los trabajadores en Tierra del Fuego, espec\u00edficamente en la&#8230; <a class=\"read-more\" href=\"https:\/\/www.radiopresidenteibanez.cl\/web\/alejandro-avendano-gallardo-es-preocupante-la-cantidad-de-trabajadores-con-covid-19-en-la-comuna-de-primavera\/\">Leer m\u00e1s<\/a><\/p>\n","protected":false},"author":2,"featured_media":6713,"comment_status":"closed","ping_status":"closed","sticky":false,"template":"","format":"standard","meta":{"footnotes":""},"categories":[1],"tags":[],"class_list":["post-10980","post","type-post","status-publish","format-standard","has-post-thumbnail","hentry","category-cronica"],"_links":{"self":[{"href":"https:\/\/www.radiopresidenteibanez.cl\/web\/wp-json\/wp\/v2\/posts\/10980","targetHints":{"allow":["GET"]}}],"collection":[{"href":"https:\/\/www.radiopresidenteibanez.cl\/web\/wp-json\/wp\/v2\/posts"}],"about":[{"href":"https:\/\/www.radiopresidenteibanez.cl\/web\/wp-json\/wp\/v2\/types\/post"}],"author":[{"embeddable":true,"href":"https:\/\/www.radiopresidenteibanez.cl\/web\/wp-json\/wp\/v2\/users\/2"}],"replies":[{"embeddable":true,"href":"https:\/\/www.radiopresidenteibanez.cl\/web\/wp-json\/wp\/v2\/comments?post=10980"}],"version-history":[{"count":0,"href":"https:\/\/www.radiopresidenteibanez.cl\/web\/wp-json\/wp\/v2\/posts\/10980\/revisions"}],"wp:featuredmedia":[{"embeddable":true,"href":"https:\/\/www.radiopresidenteibanez.cl\/web\/wp-json\/wp\/v2\/media\/6713"}],"wp:attachment":[{"href":"https:\/\/www.radiopresidenteibanez.cl\/web\/wp-json\/wp\/v2\/media?parent=10980"}],"wp:term":[{"taxonomy":"category","embeddable":true,"href":"https:\/\/www.radiopresidenteibanez.cl\/web\/wp-json\/wp\/v2\/categories?post=10980"},{"taxonomy":"post_tag","embeddable":true,"href":"https:\/\/www.radiopresidenteibanez.cl\/web\/wp-json\/wp\/v2\/tags?post=10980"}],"curies":[{"name":"wp","href":"https:\/\/api.w.org\/{rel}","templated":true}]}}