{"id":10977,"date":"2020-04-12T22:14:24","date_gmt":"2020-04-12T22:14:24","guid":{"rendered":"https:\/\/www.radiopresidenteibanez.cl\/web\/?p=10977"},"modified":"2020-04-12T22:14:29","modified_gmt":"2020-04-12T22:14:29","slug":"presidente-del-core-exige-acelerar-adquisicion-de-equipos-y-suministros-para-combatir-el-covid-19","status":"publish","type":"post","link":"https:\/\/www.radiopresidenteibanez.cl\/web\/presidente-del-core-exige-acelerar-adquisicion-de-equipos-y-suministros-para-combatir-el-covid-19\/","title":{"rendered":"PRESIDENTE DEL CORE EXIGE ACELERAR ADQUISICI\u00d3N DE EQUIPOS Y SUMINISTROS PARA COMBATIR EL COVID-19"},"content":{"rendered":"\n<p>Ante los elevados \u00edndices de contagio de covid-19 en Magallanes con una tasa que supera los 220 cada 100 mil habitantes, ubic\u00e1ndose entre Alemania e Italia y la escasez de respiradores, el Presidente del Consejo Regional (Core), Alejandro Kusanovic, solicit\u00f3 en\u00e9rgicamente al ejecutivo e instituciones de Estado que aceleren los tramites al m\u00e1ximo para el traspaso de los $4.113 millones aprobados por el Core al Servicio de Salud de Magallanes para que se dispongan cuanto antes de equipos y suministros necesarios para combatir la pandemia.<\/p>\n\n\n\n<p>\u201cLa tasa de contagios es demasiado grande en la regi\u00f3n, y los magall\u00e1nicos debemos actuar muy responsablemente y parar este desastre, evitando salir de las casas o hacerlo s\u00f3lo para lo estrictamente necesario, la soluci\u00f3n est\u00e1 en manos de nosotros\u201d, expres\u00f3 Kusanovic.<\/p>\n","protected":false},"excerpt":{"rendered":"<p>Ante los elevados \u00edndices de contagio de covid-19 en Magallanes con una tasa que supera los 220 cada 100 mil habitantes, ubic\u00e1ndose entre Alemania e Italia y la escasez de&#8230; <a class=\"read-more\" href=\"https:\/\/www.radiopresidenteibanez.cl\/web\/presidente-del-core-exige-acelerar-adquisicion-de-equipos-y-suministros-para-combatir-el-covid-19\/\">Leer m\u00e1s<\/a><\/p>\n","protected":false},"author":2,"featured_media":5543,"comment_status":"closed","ping_status":"closed","sticky":false,"template":"","format":"standard","meta":{"footnotes":""},"categories":[1],"tags":[],"class_list":["post-10977","post","type-post","status-publish","format-standard","has-post-thumbnail","hentry","category-cronica"],"_links":{"self":[{"href":"https:\/\/www.radiopresidenteibanez.cl\/web\/wp-json\/wp\/v2\/posts\/10977","targetHints":{"allow":["GET"]}}],"collection":[{"href":"https:\/\/www.radiopresidenteibanez.cl\/web\/wp-json\/wp\/v2\/posts"}],"about":[{"href":"https:\/\/www.radiopresidenteibanez.cl\/web\/wp-json\/wp\/v2\/types\/post"}],"author":[{"embeddable":true,"href":"https:\/\/www.radiopresidenteibanez.cl\/web\/wp-json\/wp\/v2\/users\/2"}],"replies":[{"embeddable":true,"href":"https:\/\/www.radiopresidenteibanez.cl\/web\/wp-json\/wp\/v2\/comments?post=10977"}],"version-history":[{"count":0,"href":"https:\/\/www.radiopresidenteibanez.cl\/web\/wp-json\/wp\/v2\/posts\/10977\/revisions"}],"wp:featuredmedia":[{"embeddable":true,"href":"https:\/\/www.radiopresidenteibanez.cl\/web\/wp-json\/wp\/v2\/media\/5543"}],"wp:attachment":[{"href":"https:\/\/www.radiopresidenteibanez.cl\/web\/wp-json\/wp\/v2\/media?parent=10977"}],"wp:term":[{"taxonomy":"category","embeddable":true,"href":"https:\/\/www.radiopresidenteibanez.cl\/web\/wp-json\/wp\/v2\/categories?post=10977"},{"taxonomy":"post_tag","embeddable":true,"href":"https:\/\/www.radiopresidenteibanez.cl\/web\/wp-json\/wp\/v2\/tags?post=10977"}],"curies":[{"name":"wp","href":"https:\/\/api.w.org\/{rel}","templated":true}]}}