{"id":10972,"date":"2020-04-12T20:39:07","date_gmt":"2020-04-12T20:39:07","guid":{"rendered":"https:\/\/www.radiopresidenteibanez.cl\/web\/?p=10972"},"modified":"2020-04-12T20:39:11","modified_gmt":"2020-04-12T20:39:11","slug":"senador-carlos-bianchi-estamos-exigiendo-priorizar-a-magallanes-para-el-envio-de-mas-ventiladores-mecanicos-ante-el-adverso-escenario-por-el-aumento-de-casos-de-coronavirus","status":"publish","type":"post","link":"https:\/\/www.radiopresidenteibanez.cl\/web\/senador-carlos-bianchi-estamos-exigiendo-priorizar-a-magallanes-para-el-envio-de-mas-ventiladores-mecanicos-ante-el-adverso-escenario-por-el-aumento-de-casos-de-coronavirus\/","title":{"rendered":"SENADOR CARLOS BIANCHI: \u201cESTAMOS EXIGIENDO PRIORIZAR A MAGALLANES PARA EL ENV\u00cdO DE M\u00c1S VENTILADORES MEC\u00c1NICOS ANTE EL ADVERSO ESCENARIO POR EL AUMENTO DE CASOS DE CORONAVIRUS\u201d"},"content":{"rendered":"\n<p>Bianchi afirm\u00f3 que\n\u201cHoy la principal demanda es proteger las vidas de quienes est\u00e1n contagiados y\nen situaci\u00f3n cr\u00edtica, n\u00famero que va en aumento, es por ello que hemos\ngestionado para que se de urgencia a la llegada de ventiladores mec\u00e1nicos a\nMagallanes ya que no resulta entendible que se requiera sacarlos desde otros\nhospitales dentro de la regi\u00f3n, esto con la finalidad de evitar o reducir al\nm\u00e1ximo los posibles fallecimientos, para ello personalmente le he transmitido\nesta situaci\u00f3n &nbsp;a las autoridades de gobierno\na cargo de las decisiones.\u201d <\/p>\n\n\n\n<p>El parlamentario\nexplic\u00f3 que \u201cHe estado en comunicaci\u00f3n con los ministros de Salud y de interior\ncomo as\u00ed tambi\u00e9n con el intendente para exigir que Magallanes tenga la\nprioridad para la llegada de ventiladores mec\u00e1nicos y de los insumos m\u00e9dicos\nque se requieren en una emergencia como la que estamos viviendo, que si bien\nentendemos afecta a todo el pa\u00eds, las cifras de contagios dejan en &nbsp;evidencia que en magallanes estamos con mayor\nvulnerabilidad y as\u00ed lo hemos representado por lo que confiamos que autoridades\nest\u00e1n al nivel que la emergencia lo requiere.\u201d<\/p>\n\n\n\n<p>Para el legislador\nde Magallanes, son m\u00faltiples los sectores que se est\u00e1n viendo afectados a\nconsecuencias de la pandemia,\u201d es por ello que oportunamente solicitamos la\ncuarentena sanitaria para Magallanes, hemos promovido que las ayudas econ\u00f3micas\nsociales que ha anunciado el gobierno lleguen a toda la poblaci\u00f3n que m\u00e1s\nvulnerable ha quedado por esta cat\u00e1strofe y tambi\u00e9n nos hemos enfocado en\nrequerir a las autoridades correspondiente medidas concretas.\u201d<\/p>\n\n\n\n<p>\u201cEsta emergencia\nsanitaria nos est\u00e1 dejando innumerables consecuencias a cada uno de nosotros a\nraz\u00f3n de ello nos sumamos al llamado a de la autoridad sanitaria, para que los\nhabitantes de la regi\u00f3n actuemos responsablemente con el autocuidado, respetando\nlas normas fijadas que solo buscan protegernos y as\u00ed evitar aumentando los\ncasos de personas contagiadas como las que hemos visto a la fecha, es por ello\nque Urge ser responsables en autocuidado y juntos evitar que siga aumentando\nnivel de contagiados por coronavirus, <\/p>\n\n\n\n<p>Asimismo, dijo\nBianchi se ha sido constante en la solicitud para que las ayudas econ\u00f3micas\nsociales que se han implementado o est\u00e1n en etapa de concretarse por parte del\nGobierno llegue a toda la poblaci\u00f3n que se encuentra m\u00e1s vulnerables o han sido\nafectada con mayor fuerza por esta crisis. \u201cNos hemos enfocado en requerir a\nlas autoridades correspondiente que las medidas sociales lleguen a todas las\nfamilias y personas que lo requieren, como tambi\u00e9n hemos aportado para que se\nadopten las medidas concretas y efectivas para resguardar el empleo y apoyar a\nquienes son fuentes de empleos en particular al amplio sector de micro, peque\u00f1a\ny mediana empresas, como as\u00ed tambi\u00e9n a los trabajadores independientes y a\nhonorarios.\u201d<\/p>\n","protected":false},"excerpt":{"rendered":"<p>Bianchi afirm\u00f3 que \u201cHoy la principal demanda es proteger las vidas de quienes est\u00e1n contagiados y en situaci\u00f3n cr\u00edtica, n\u00famero que va en aumento, es por ello que hemos gestionado&#8230; <a class=\"read-more\" href=\"https:\/\/www.radiopresidenteibanez.cl\/web\/senador-carlos-bianchi-estamos-exigiendo-priorizar-a-magallanes-para-el-envio-de-mas-ventiladores-mecanicos-ante-el-adverso-escenario-por-el-aumento-de-casos-de-coronavirus\/\">Leer m\u00e1s<\/a><\/p>\n","protected":false},"author":2,"featured_media":1915,"comment_status":"closed","ping_status":"closed","sticky":false,"template":"","format":"standard","meta":{"footnotes":""},"categories":[1],"tags":[],"class_list":["post-10972","post","type-post","status-publish","format-standard","has-post-thumbnail","hentry","category-cronica"],"_links":{"self":[{"href":"https:\/\/www.radiopresidenteibanez.cl\/web\/wp-json\/wp\/v2\/posts\/10972","targetHints":{"allow":["GET"]}}],"collection":[{"href":"https:\/\/www.radiopresidenteibanez.cl\/web\/wp-json\/wp\/v2\/posts"}],"about":[{"href":"https:\/\/www.radiopresidenteibanez.cl\/web\/wp-json\/wp\/v2\/types\/post"}],"author":[{"embeddable":true,"href":"https:\/\/www.radiopresidenteibanez.cl\/web\/wp-json\/wp\/v2\/users\/2"}],"replies":[{"embeddable":true,"href":"https:\/\/www.radiopresidenteibanez.cl\/web\/wp-json\/wp\/v2\/comments?post=10972"}],"version-history":[{"count":0,"href":"https:\/\/www.radiopresidenteibanez.cl\/web\/wp-json\/wp\/v2\/posts\/10972\/revisions"}],"wp:featuredmedia":[{"embeddable":true,"href":"https:\/\/www.radiopresidenteibanez.cl\/web\/wp-json\/wp\/v2\/media\/1915"}],"wp:attachment":[{"href":"https:\/\/www.radiopresidenteibanez.cl\/web\/wp-json\/wp\/v2\/media?parent=10972"}],"wp:term":[{"taxonomy":"category","embeddable":true,"href":"https:\/\/www.radiopresidenteibanez.cl\/web\/wp-json\/wp\/v2\/categories?post=10972"},{"taxonomy":"post_tag","embeddable":true,"href":"https:\/\/www.radiopresidenteibanez.cl\/web\/wp-json\/wp\/v2\/tags?post=10972"}],"curies":[{"name":"wp","href":"https:\/\/api.w.org\/{rel}","templated":true}]}}