{"id":10970,"date":"2020-04-12T20:29:09","date_gmt":"2020-04-12T20:29:09","guid":{"rendered":"https:\/\/www.radiopresidenteibanez.cl\/web\/?p=10970"},"modified":"2020-04-12T20:29:13","modified_gmt":"2020-04-12T20:29:13","slug":"instituto-de-prevision-social-habilito-telefonos-regionales-para-atender-las-demandas-de-la-comunidad","status":"publish","type":"post","link":"https:\/\/www.radiopresidenteibanez.cl\/web\/instituto-de-prevision-social-habilito-telefonos-regionales-para-atender-las-demandas-de-la-comunidad\/","title":{"rendered":"INSTITUTO DE PREVISI\u00d3N SOCIAL HABILIT\u00d3 TEL\u00c9FONOS REGIONALES PARA ATENDER LAS DEMANDAS DE LA COMUNIDAD"},"content":{"rendered":"\n<p>Una serie de medidas se han tomado desde el Instituto de\nPrevisi\u00f3n Social para facilitar la realizaci\u00f3n de tr\u00e1mites y el acceso de los\nusuarios del organismo al cobro de sus respectivas pensiones y beneficios\nsociales, tomando en cuenta que los adultos mayores constituyen el principal\ngrupo de riesgo del Covid 19.<\/p>\n\n\n\n<p>Es as\u00ed que desde abril, m\u00e1s de 2 mil pensionados del IPS que\nten\u00edan una Cuenta Rut con alg\u00fan movimiento en los \u00faltimos seis meses, est\u00e1n\nrecibiendo sus pagos de manera autom\u00e1tica en dicha cuenta, sin necesidad de\nrealizar ning\u00fan tr\u00e1mite.<\/p>\n\n\n\n<p>Quienes no pose\u00edan una Cuenta Rut, deben hacer el cobro de\nmanera presencial durante el mes de abril. No obstante, al hacerlo, se les dar\u00e1\nla opci\u00f3n de acceder a una tarjeta para poder contar con pago autom\u00e1tico los\npr\u00f3ximos meses. La recepci\u00f3n de dicha tarjeta, emitida desde Caja Los H\u00e9roes,\nes voluntaria por parte del pensionado y, de aceptarla, podr\u00e1 renunciar a ella\ncuando la situaci\u00f3n se normalice.<\/p>\n\n\n\n<p>\u201cEstamos conscientes y muy preocupados de que nuestros\nadultos y adultas mayores permanezcan en casa, porque queremos evitar las\naglomeraciones en este p\u00fablico que es tan sensible al Coronavirus. Hay una\ndisposici\u00f3n general de traspasar el pago de pensiones y otros beneficios, a\nCuentas Rut\u201d, explic\u00f3 el director regional del Instituto de Previsi\u00f3n Social,\nEduardo Barahona Kompatzki, haciendo presente que la medida busca evitar\nexponer a este grupo etario a la afluencia de gente que se vio en marzo.<\/p>\n\n\n\n<p>El beneficio incluye, adem\u00e1s, el adelanto en el pago de las\npensiones para aquellos usuarios del IPS que reciben su ingreso entre el 16 y\nel 30 de abril, cuyas fechas de pago se corrieron para la primera quincena del\nmes.<\/p>\n\n\n\n<p>En este contexto, las autoridades invitaron a la comunidad a\nrevisar, en primer lugar, si son pensionados del IPS y si tienen alguna tarjeta\nde Cuenta Rut habilitada donde hayan podido realizarle el pago. Todos estos\ndatos se pueden corroborar en el sitio web www.chileatiende.cl o llamando al\ntel\u00e9fono 101.<\/p>\n\n\n\n<p>En caso de aquellos adultos mayores que no tengan acceso a\ncomprobar estos antecedentes, las autoridades regionales realizaron un llamado\na familiares y conocidos a colaborar con las personas que as\u00ed lo requieran.<\/p>\n\n\n\n<p>Por otro lado, es importante que se acredite que el adulto\nmayor sea, efectivamente, pensionado del IPS (Ex INP), ya que tambi\u00e9n existen\nmuchos pensionados de AFP\u2019s que cobran sus pensiones en la Caja de Compensaci\u00f3n\nLos H\u00e9roes y pueden existir confusiones.<\/p>\n\n\n\n<p>Poder<\/p>\n\n\n\n<p>Seg\u00fan se explic\u00f3, si un adulto mayor no tiene la posibilidad\nde acudir presencialmente a cobrar su pensi\u00f3n, existe la alternativa de\nentregar un poder a una persona cercana (familiar o conocido), que no debe ser\nnotarial, pero s\u00ed debe ser coordinado con un asistente social del Instituto de\nPrevisi\u00f3n Social, quien actuar\u00e1 como ministro de fe.<\/p>\n\n\n\n<p>Seg\u00fan se indic\u00f3, un poder notarial igual es v\u00e1lido y de\ntenerlo, se debe enviar al Instituto de Previsi\u00f3n Social para su registro.<\/p>\n\n\n\n<p><strong>Tel\u00e9fonos regionales<\/strong><\/p>\n\n\n\n<p>Cabe destacar que a nivel regional los funcionarios est\u00e1n\ntrabajando para poder ayudar a los usuarios que as\u00ed lo requieran.<\/p>\n\n\n\n<p>Desde la direcci\u00f3n regional se inform\u00f3 que en Punta Arenas\nse est\u00e1 trabajando de lunes a viernes, entre las 9 y 17 horas, de manera\nremota, para atender las demandas de la comunidad en tr\u00e1mites espec\u00edficos\nurgentes, como la asignaci\u00f3n de poderes. <\/p>\n\n\n\n<p>Es as\u00ed que quienes necesiten realizar alg\u00fan tr\u00e1mite de\nurgencia, pueden comunicarse a los siguientes tel\u00e9fonos o correos electr\u00f3nicos\nen los d\u00edas y horarios establecidos:<\/p>\n\n\n\n<p>Carlos Madariaga (+56 9 66164236, correo:\ncarlos.madariaga@chileatiende.cl);<\/p>\n\n\n\n<p>Julia Mu\u00f1oz (+56 9 56882524, correo:\njulia.munoz@chileatiende.cl);<\/p>\n\n\n\n<p>Eduardo Barahona (+56 9 52379415, correo:\neduardo.j.barahona@chileatiende.cl).&nbsp; <\/p>\n\n\n\n<p>En el caso de Puerto Natales, se est\u00e1 atendiendo los d\u00edas\nlunes, mi\u00e9rcoles y viernes de 9 a 12 horas, con atenci\u00f3n presencial. Durante la\ntarde, hasta las 17 horas, los usuarios pueden comunicarse al tel\u00e9fono +56 9\n56882527 o al correo andres.maass@chileatiende.cl.<\/p>\n\n\n\n<p>En la comuna de Porvenir, la sucursal se encuentra abierta\ncon restricciones. Se sugiere llamar al tel\u00e9fono +56 9 56882580 o al correo\ndaniana.alarcon@chileatiende.cl, entre las 9 y 17 horas.<\/p>\n\n\n\n<p>Finalmente, en Puerto Williams, los usuarios pueden\ncomunicarse con la funcionaria Flor Alvarado, al tel\u00e9fono +56 9 66098089,\ntambi\u00e9n entre 9 y 17 horas.<\/p>\n","protected":false},"excerpt":{"rendered":"<p>Una serie de medidas se han tomado desde el Instituto de Previsi\u00f3n Social para facilitar la realizaci\u00f3n de tr\u00e1mites y el acceso de los usuarios del organismo al cobro de&#8230; <a class=\"read-more\" href=\"https:\/\/www.radiopresidenteibanez.cl\/web\/instituto-de-prevision-social-habilito-telefonos-regionales-para-atender-las-demandas-de-la-comunidad\/\">Leer m\u00e1s<\/a><\/p>\n","protected":false},"author":2,"featured_media":9195,"comment_status":"closed","ping_status":"closed","sticky":false,"template":"","format":"standard","meta":{"footnotes":""},"categories":[1],"tags":[],"class_list":["post-10970","post","type-post","status-publish","format-standard","has-post-thumbnail","hentry","category-cronica"],"_links":{"self":[{"href":"https:\/\/www.radiopresidenteibanez.cl\/web\/wp-json\/wp\/v2\/posts\/10970","targetHints":{"allow":["GET"]}}],"collection":[{"href":"https:\/\/www.radiopresidenteibanez.cl\/web\/wp-json\/wp\/v2\/posts"}],"about":[{"href":"https:\/\/www.radiopresidenteibanez.cl\/web\/wp-json\/wp\/v2\/types\/post"}],"author":[{"embeddable":true,"href":"https:\/\/www.radiopresidenteibanez.cl\/web\/wp-json\/wp\/v2\/users\/2"}],"replies":[{"embeddable":true,"href":"https:\/\/www.radiopresidenteibanez.cl\/web\/wp-json\/wp\/v2\/comments?post=10970"}],"version-history":[{"count":0,"href":"https:\/\/www.radiopresidenteibanez.cl\/web\/wp-json\/wp\/v2\/posts\/10970\/revisions"}],"wp:featuredmedia":[{"embeddable":true,"href":"https:\/\/www.radiopresidenteibanez.cl\/web\/wp-json\/wp\/v2\/media\/9195"}],"wp:attachment":[{"href":"https:\/\/www.radiopresidenteibanez.cl\/web\/wp-json\/wp\/v2\/media?parent=10970"}],"wp:term":[{"taxonomy":"category","embeddable":true,"href":"https:\/\/www.radiopresidenteibanez.cl\/web\/wp-json\/wp\/v2\/categories?post=10970"},{"taxonomy":"post_tag","embeddable":true,"href":"https:\/\/www.radiopresidenteibanez.cl\/web\/wp-json\/wp\/v2\/tags?post=10970"}],"curies":[{"name":"wp","href":"https:\/\/api.w.org\/{rel}","templated":true}]}}