{"id":1097,"date":"2019-02-05T18:44:10","date_gmt":"2019-02-05T18:44:10","guid":{"rendered":"http:\/\/www.radiopresidenteibanez.cl\/web\/?p=1097"},"modified":"2019-02-05T18:44:12","modified_gmt":"2019-02-05T18:44:12","slug":"comunidad-puntarenense-podra-disfrutar-de-la-regia-orquesta-al-aire-libre","status":"publish","type":"post","link":"https:\/\/www.radiopresidenteibanez.cl\/web\/comunidad-puntarenense-podra-disfrutar-de-la-regia-orquesta-al-aire-libre\/","title":{"rendered":"COMUNIDAD PUNTARENENSE PODR\u00c1 DISFRUTAR DE \u201cLA REGIA ORQUESTA\u201d AL AIRE LIBRE"},"content":{"rendered":"\n<p> Recordando al destacado director magall\u00e1nico, Andr\u00e9s P\u00e9rez, el Municipio de Punta Arenas y la Fundaci\u00f3n Teatro a Mil, traer\u00e1n a la capital regional, la presentaci\u00f3n de \u201cLa Regia Orquesta\u201d, enmarcada en la Cartelera Cultural Municipal de verano, que se lleva adelante a trav\u00e9s de la Direcci\u00f3n de Desarrollo Comunitario (Dideco).\u00a0El montaje ser\u00e1 presentado este mi\u00e9rcoles (6 de febrero), a las 20 horas, en el anfiteatro \u201cAndr\u00e9s P\u00e9rez\u201d, ubicado en el bandej\u00f3n central de Avenida Col\u00f3n con calle Bories, en una iniciativa al aire libre y abierta a toda la comunidad.\u00a0<\/p>\n\n\n\n<p>\u201cEs un momento m\u00e1gico, es un momento que es un homenaje pero tambi\u00e9n es reiterar la vocaci\u00f3n de nuestra ciudad de ser parte de la cartelera teatral de todo Chile. Que no sea una excepci\u00f3n, sino que la regla, y hemos hecho un esfuerzo para que est\u00e9 dentro de los lugares donde se generan estos espect\u00e1culos\u201d, afirm\u00f3 el alcalde de Punta Arenas, Claudio Radonich.<\/p>\n\n\n\n<p>La Regia Orquesta fue formada en\u00a0 sus inicios por Cuti Aste, Jorge Lobos y \u00c1lvaro Henr\u00edquez y ha sido reconocida por dar vida a una de las creaciones\u00a0 musicales m\u00e1s inolvidables del teatro chileno: \u201cLa Negra Ester\u201d.Dicha obra fue estrenada en 1988 por el Gran Circo Teatro, bajo la direcci\u00f3n del magall\u00e1nico Andr\u00e9s P\u00e9rez.\u00a0<\/p>\n\n\n\n<p>La presentaci\u00f3n musical es un recorrido por el universo sonoro del poeta popular, folclorista y autor de \u201cLa Negra Ester\u201d, Roberto Parra, quien destacara en vida por este aporte a la cultura musical chilena.Tres d\u00e9cadas despu\u00e9s, la Regia Orquesta Sexteto conserva a dos de sus integrantes originales, Cuti Aste y Jorge Lobos, a quienes se han sumado los m\u00fasicos Marcelo Salinas, Roberto Titae Lindl, Juan Pablo Bosco y la actriz y cantante, Ema Pinto, quienes ofrecer\u00e1n versiones ampliadas de sus temas, con nuevos arreglos y orquestaci\u00f3n. <\/p>\n","protected":false},"excerpt":{"rendered":"<p>Recordando al destacado director magall\u00e1nico, Andr\u00e9s P\u00e9rez, el Municipio de Punta Arenas y la Fundaci\u00f3n Teatro a Mil, traer\u00e1n a la capital regional, la presentaci\u00f3n de \u201cLa Regia Orquesta\u201d, enmarcada&#8230; <a class=\"read-more\" href=\"https:\/\/www.radiopresidenteibanez.cl\/web\/comunidad-puntarenense-podra-disfrutar-de-la-regia-orquesta-al-aire-libre\/\">Leer m\u00e1s<\/a><\/p>\n","protected":false},"author":2,"featured_media":1098,"comment_status":"closed","ping_status":"closed","sticky":false,"template":"","format":"standard","meta":{"footnotes":""},"categories":[4],"tags":[],"class_list":["post-1097","post","type-post","status-publish","format-standard","has-post-thumbnail","hentry","category-entretenimiento-y-cultura"],"_links":{"self":[{"href":"https:\/\/www.radiopresidenteibanez.cl\/web\/wp-json\/wp\/v2\/posts\/1097","targetHints":{"allow":["GET"]}}],"collection":[{"href":"https:\/\/www.radiopresidenteibanez.cl\/web\/wp-json\/wp\/v2\/posts"}],"about":[{"href":"https:\/\/www.radiopresidenteibanez.cl\/web\/wp-json\/wp\/v2\/types\/post"}],"author":[{"embeddable":true,"href":"https:\/\/www.radiopresidenteibanez.cl\/web\/wp-json\/wp\/v2\/users\/2"}],"replies":[{"embeddable":true,"href":"https:\/\/www.radiopresidenteibanez.cl\/web\/wp-json\/wp\/v2\/comments?post=1097"}],"version-history":[{"count":0,"href":"https:\/\/www.radiopresidenteibanez.cl\/web\/wp-json\/wp\/v2\/posts\/1097\/revisions"}],"wp:featuredmedia":[{"embeddable":true,"href":"https:\/\/www.radiopresidenteibanez.cl\/web\/wp-json\/wp\/v2\/media\/1098"}],"wp:attachment":[{"href":"https:\/\/www.radiopresidenteibanez.cl\/web\/wp-json\/wp\/v2\/media?parent=1097"}],"wp:term":[{"taxonomy":"category","embeddable":true,"href":"https:\/\/www.radiopresidenteibanez.cl\/web\/wp-json\/wp\/v2\/categories?post=1097"},{"taxonomy":"post_tag","embeddable":true,"href":"https:\/\/www.radiopresidenteibanez.cl\/web\/wp-json\/wp\/v2\/tags?post=1097"}],"curies":[{"name":"wp","href":"https:\/\/api.w.org\/{rel}","templated":true}]}}