{"id":10968,"date":"2020-04-12T20:24:48","date_gmt":"2020-04-12T20:24:48","guid":{"rendered":"https:\/\/www.radiopresidenteibanez.cl\/web\/?p=10968"},"modified":"2020-04-12T20:24:52","modified_gmt":"2020-04-12T20:24:52","slug":"el-centralismo-esta-matando-a-las-regiones-concejala-veronica-aguilar","status":"publish","type":"post","link":"https:\/\/www.radiopresidenteibanez.cl\/web\/el-centralismo-esta-matando-a-las-regiones-concejala-veronica-aguilar\/","title":{"rendered":"\u201cEL CENTRALISMO EST\u00c1 MATANDO A LAS REGIONES\u201d CONCEJALA VER\u00d3NICA AGUILAR"},"content":{"rendered":"\n<p>Es verdad, no es un tema nuevo, no es un tema reciente, es una pelea\nconstante desde hace muchos a\u00f1os, la falta de equidad territorial, el\ncentralismo extremo, ha sido una pandemia que ha corro\u00eddo nuestro pa\u00eds, y que\nahora con la situaci\u00f3n sanitaria que enfrentamos, deja en evidencia, que ya no\npodemos seguir con este sistema.<\/p>\n\n\n\n<p>Desde Magallanes hemos escuchando reiteradamente y por mucho tiempo, que\n\u201cestamos esperando lo que diga el nivel central, Santiago\u201d, es decir todo\ndepende don Don Santiago, el problema que quien toma esas decisiones,\nseguramente lo hace viendo el mapa para identificar de donde se hacen las\nsolicitudes, NO conoce, no ha recorrido el territorio, ni hablar de Magallanes,\npues Chile muchas veces llega hasta Puerto Montt, y as\u00ed tambi\u00e9n las autoridades\nde gobierno.<\/p>\n\n\n\n<p>Si bien es cierto es importante poder contar con un pa\u00eds m\u00e1s equitativo,\nmenos centralista, este titular lo hemos escuchado en muchos discursos\npol\u00edticos, sin embargo, pasan los a\u00f1os y nada.&nbsp; Cada vez que la naturaleza\no un estallido social nos pone a prueba, volvemos a hablar de la importancia de\nla regionalizaci\u00f3n, pero son temas que se olvidan f\u00e1cilmente, porque seguro habr\u00e1\nmuchas noticias que para Don Santiago son m\u00e1s relevantes.<\/p>\n\n\n\n<p>Hoy es el covid-19 que ha demostrado una vez m\u00e1s, que la falta o m\u00e1s\nbien inexistencia de autonom\u00eda ha puesto en el limite a las regiones, sobre\ntodo las extremas. Hoy debemos lamentar personas que ya han fallecido, hemos\ntenido que lamentar muchos contagios, turistas que entraban y sal\u00edan de la\nregi\u00f3n, vuelos que siguen llegando a Magallanes, ex\u00e1menes cuyos resultados\ntienen una demora de has 7 d\u00edas, si, 7 d\u00edas en donde familias enteras est\u00e1n en\nla incertidumbre y el temor de no saber a qu\u00e9 se enfrentaran.<\/p>\n\n\n\n<p>Hoy y durante 1 mes escuchamos con indignaci\u00f3n \u201chay que esperar lo que\ndiga el nivel central\u201d, y el problema es que seguimos con el mismo refr\u00e1n, hoy\nse levanta una cuarentena en Puerto Williams, seg\u00fan las autoridades con\ninformaci\u00f3n incorrecta o falta de ella, y nadie se hace responsable.<\/p>\n\n\n\n<p>Hoy nos hemos dado cuenta que la incapacidad de resolver r\u00e1pidamente la\nsituaci\u00f3n en Magallanes,&nbsp;la falta de decisiones y de defensa, nos tiene en\nuna situaci\u00f3n extrema, la ingobernabilidad y las contradicciones entre las\npropias autoridades generan m\u00e1s dudas que certezas.<\/p>\n\n\n\n<p>Hoy tenemos a una regi\u00f3n no solo preocupada por el covid 19 sino tambi\u00e9n\ntenemos a una regi\u00f3n que se siente hu\u00e9rfana de un gobierno que solo nos ve como\nel 1% de la poblaci\u00f3n, que no protege a la Patagonia y sus habitantes.<\/p>\n\n\n\n<p>ojal\u00e1 que cuando todo esto pase, y volvamos a la discusi\u00f3n sobre la\nnueva constituci\u00f3n, la REGIONALIZACION, sea un tema que este priorizado,\nnecesitamos mayor autonom\u00eda, autoridades que tengan las atribuciones necesarias\npara tomar esas decisiones, no queremos volver a escuchar \u201cHay que esperar lo\nque diga el nivel central\u201d.<\/p>\n\n\n\n<p>Mientras eso no ocurra, y mientras estemos bajo esta crisis, \u201cSi el\ngobierno no nos cuida, Cuid\u00e9monos nosotros\u2026 qued\u00e9monos en casa\u201d.<\/p>\n","protected":false},"excerpt":{"rendered":"<p>Es verdad, no es un tema nuevo, no es un tema reciente, es una pelea constante desde hace muchos a\u00f1os, la falta de equidad territorial, el centralismo extremo, ha sido&#8230; <a class=\"read-more\" href=\"https:\/\/www.radiopresidenteibanez.cl\/web\/el-centralismo-esta-matando-a-las-regiones-concejala-veronica-aguilar\/\">Leer m\u00e1s<\/a><\/p>\n","protected":false},"author":2,"featured_media":5663,"comment_status":"closed","ping_status":"closed","sticky":false,"template":"","format":"standard","meta":{"footnotes":""},"categories":[1],"tags":[],"class_list":["post-10968","post","type-post","status-publish","format-standard","has-post-thumbnail","hentry","category-cronica"],"_links":{"self":[{"href":"https:\/\/www.radiopresidenteibanez.cl\/web\/wp-json\/wp\/v2\/posts\/10968","targetHints":{"allow":["GET"]}}],"collection":[{"href":"https:\/\/www.radiopresidenteibanez.cl\/web\/wp-json\/wp\/v2\/posts"}],"about":[{"href":"https:\/\/www.radiopresidenteibanez.cl\/web\/wp-json\/wp\/v2\/types\/post"}],"author":[{"embeddable":true,"href":"https:\/\/www.radiopresidenteibanez.cl\/web\/wp-json\/wp\/v2\/users\/2"}],"replies":[{"embeddable":true,"href":"https:\/\/www.radiopresidenteibanez.cl\/web\/wp-json\/wp\/v2\/comments?post=10968"}],"version-history":[{"count":0,"href":"https:\/\/www.radiopresidenteibanez.cl\/web\/wp-json\/wp\/v2\/posts\/10968\/revisions"}],"wp:featuredmedia":[{"embeddable":true,"href":"https:\/\/www.radiopresidenteibanez.cl\/web\/wp-json\/wp\/v2\/media\/5663"}],"wp:attachment":[{"href":"https:\/\/www.radiopresidenteibanez.cl\/web\/wp-json\/wp\/v2\/media?parent=10968"}],"wp:term":[{"taxonomy":"category","embeddable":true,"href":"https:\/\/www.radiopresidenteibanez.cl\/web\/wp-json\/wp\/v2\/categories?post=10968"},{"taxonomy":"post_tag","embeddable":true,"href":"https:\/\/www.radiopresidenteibanez.cl\/web\/wp-json\/wp\/v2\/tags?post=10968"}],"curies":[{"name":"wp","href":"https:\/\/api.w.org\/{rel}","templated":true}]}}