{"id":10966,"date":"2020-04-12T20:05:31","date_gmt":"2020-04-12T20:05:31","guid":{"rendered":"https:\/\/www.radiopresidenteibanez.cl\/web\/?p=10966"},"modified":"2020-04-12T20:05:35","modified_gmt":"2020-04-12T20:05:35","slug":"a-partir-de-mayo-proximo-mas-de-4-mil-trabajadores-magallanicos-seran-beneficiados-con-ingreso-minimo-garantizado","status":"publish","type":"post","link":"https:\/\/www.radiopresidenteibanez.cl\/web\/a-partir-de-mayo-proximo-mas-de-4-mil-trabajadores-magallanicos-seran-beneficiados-con-ingreso-minimo-garantizado\/","title":{"rendered":"A PARTIR DE MAYO PR\u00d3XIMO: M\u00c1S DE 4 MIL TRABAJADORES MAGALL\u00c1NICOS SER\u00c1N BENEFICIADOS CON INGRESO M\u00cdNIMO GARANTIZADO"},"content":{"rendered":"\n<p>Hace algunos\nd\u00edas fue aprobado por el Congreso el proyecto que crea el llamado Ingreso\nM\u00ednimo Garantizado (IMG). Se trata de un subsidio cuyo objetivo es ayudar a los\ntrabajadores de menores remuneraciones, garantizando que nadie en Chile tenga\nun ingreso l\u00edquido menor a $300.000.<\/p>\n\n\n\n<p>As\u00ed lo\nenfatiz\u00f3 la Seremi del Trabajo, Victoria Cort\u00e9s Schiattino, quien inform\u00f3 que\naqu\u00ed en Magallanes, m\u00e1s de 4 mil 180 trabajadores ser\u00e1n los beneficiarios de\nesta iniciativa del gobierno del Presidente Sebasti\u00e1n Pi\u00f1era. A trav\u00e9s de esta\nnota, la autoridad laboral explica de qu\u00e9 manera se har\u00e1 efectivo este\nbeneficio y c\u00f3mo obtenerlo.<\/p>\n\n\n\n<p>\u201cA partir de\nmayo pr\u00f3ximo se comenzar\u00e1 a hacer efectiva la entrega del Ingreso M\u00ednimo\nGarantizado, que va a ayudar a incrementar las remuneraciones de 4.184\ntrabajadores magall\u00e1nicos. Se trata de un subsidio que ha levantado el gobierno\ndel Presidente Sebasti\u00e1n Pi\u00f1era en un tremendo esfuerzo que se pagar\u00e1\ndirectamente al bolsillo de los trabajadores, sin pasar por el empleador\u201d,\ndeclar\u00f3 Cort\u00e9s.<\/p>\n\n\n\n<p>El beneficio\nestablecido por el proyecto ser\u00e1 para todos los trabajadores de bajas\nremuneraciones, independiente de la empresa en la que est\u00e9n contratados. Por\ntanto, cualquier trabajador de jornada completa, con ingresos inferiores a 380\nmil pesos brutos, va a recibir un subsidio directo de manos del Estado, para\nincrementar sus ingresos.<\/p>\n\n\n\n<p>A nivel\nnacional, ser\u00e1n cerca de $700.000 los trabajadores beneficiados por este\nsubsidio, quienes deben contar con un contrato de trabajo de jornada completa\nde m\u00e1s de 30 horas, no pertenecer al 10% de mayores ingresos y acreditar ambos\nrequisitos al momento de postular al beneficio.<\/p>\n\n\n\n<p>El subsidio\nse calcula de acuerdo a las remuneraciones del tercer mes anterior al pago. En\nel caso de quienes ganan el sueldo m\u00ednimo, el primer pago tendr\u00e1 como base el\nsalario de febrero pasado, cuando el ingreso m\u00ednimo era de $301.000 brutos, por\nlo que el subsidio ser\u00e1 de $59.200, completando as\u00ed un ingreso bruto de\n$360.200. Dado que el ingreso a partir de marzo es de $320.500, los meses\nsiguientes, el IMG ser\u00e1 de $45.353 pesos, alcanzando con ello un ingreso bruto\nde $365.853 para quienes obtienen el salario m\u00ednimo actualmente.<\/p>\n\n\n\n<p>\u201cLa idea es\nasegurar que nadie gane menos de $300.000 l\u00edquidos. Estamos conscientes de que\neste monto no es suficiente, pero creemos que es un paso muy importante dada la\nactual situaci\u00f3n econ\u00f3mica que enfrentamos como pa\u00eds\u201d, agreg\u00f3 la secretaria\nregional.<\/p>\n\n\n\n<p>Los\npotenciales beneficiarios deber\u00e1n ingresar al sitio web <a href=\"http:\/\/www.ingresominimo.cl\">www.ingresominimo.cl<\/a>, llenar el\nformulario y esperar la confirmaci\u00f3n. Una vez obtenida la confirmaci\u00f3n, a\npartir de mayo recibir\u00e1 el monto del subsidio que le corresponda. Luego de ello\nel pago ser\u00e1 autom\u00e1tico.<\/p>\n\n\n\n<p>Por \u00faltimo,\nla Seremi recalc\u00f3, que ante la actual situaci\u00f3n por la pandemia y tras la\naprobaci\u00f3n de la ley de Protecci\u00f3n al Empleo, el Ingreso M\u00ednimo Garantizado\nseguir\u00e1 entreg\u00e1ndose, incluso a quienes tengan suspensi\u00f3n de labores o\nreducci\u00f3n de jornada por esta ley. \u201cSi un trabajador se acoge a alguna de las\nalternativas que entrega la ley de protecci\u00f3n al empleo, no perder\u00e1 la calidad\nde beneficiario del Ingreso M\u00ednimo Garantizado y, por tanto, recibir\u00e1 su\nsubsidio correspondiente de todas maneras\u201d, destac\u00f3 la autoridad.<\/p>\n","protected":false},"excerpt":{"rendered":"<p>Hace algunos d\u00edas fue aprobado por el Congreso el proyecto que crea el llamado Ingreso M\u00ednimo Garantizado (IMG). Se trata de un subsidio cuyo objetivo es ayudar a los trabajadores&#8230; <a class=\"read-more\" href=\"https:\/\/www.radiopresidenteibanez.cl\/web\/a-partir-de-mayo-proximo-mas-de-4-mil-trabajadores-magallanicos-seran-beneficiados-con-ingreso-minimo-garantizado\/\">Leer m\u00e1s<\/a><\/p>\n","protected":false},"author":2,"featured_media":10712,"comment_status":"closed","ping_status":"closed","sticky":false,"template":"","format":"standard","meta":{"footnotes":""},"categories":[1],"tags":[],"class_list":["post-10966","post","type-post","status-publish","format-standard","has-post-thumbnail","hentry","category-cronica"],"_links":{"self":[{"href":"https:\/\/www.radiopresidenteibanez.cl\/web\/wp-json\/wp\/v2\/posts\/10966","targetHints":{"allow":["GET"]}}],"collection":[{"href":"https:\/\/www.radiopresidenteibanez.cl\/web\/wp-json\/wp\/v2\/posts"}],"about":[{"href":"https:\/\/www.radiopresidenteibanez.cl\/web\/wp-json\/wp\/v2\/types\/post"}],"author":[{"embeddable":true,"href":"https:\/\/www.radiopresidenteibanez.cl\/web\/wp-json\/wp\/v2\/users\/2"}],"replies":[{"embeddable":true,"href":"https:\/\/www.radiopresidenteibanez.cl\/web\/wp-json\/wp\/v2\/comments?post=10966"}],"version-history":[{"count":0,"href":"https:\/\/www.radiopresidenteibanez.cl\/web\/wp-json\/wp\/v2\/posts\/10966\/revisions"}],"wp:featuredmedia":[{"embeddable":true,"href":"https:\/\/www.radiopresidenteibanez.cl\/web\/wp-json\/wp\/v2\/media\/10712"}],"wp:attachment":[{"href":"https:\/\/www.radiopresidenteibanez.cl\/web\/wp-json\/wp\/v2\/media?parent=10966"}],"wp:term":[{"taxonomy":"category","embeddable":true,"href":"https:\/\/www.radiopresidenteibanez.cl\/web\/wp-json\/wp\/v2\/categories?post=10966"},{"taxonomy":"post_tag","embeddable":true,"href":"https:\/\/www.radiopresidenteibanez.cl\/web\/wp-json\/wp\/v2\/tags?post=10966"}],"curies":[{"name":"wp","href":"https:\/\/api.w.org\/{rel}","templated":true}]}}