{"id":10961,"date":"2020-04-12T16:11:25","date_gmt":"2020-04-12T16:11:25","guid":{"rendered":"https:\/\/www.radiopresidenteibanez.cl\/web\/?p=10961"},"modified":"2020-04-12T16:46:35","modified_gmt":"2020-04-12T16:46:35","slug":"covid-19-autoridades-entregaron-nuevas-cifras-donde-magallanes-alcanza-las-396-personas-contagiadas-y-los-4-fallecidos","status":"publish","type":"post","link":"https:\/\/www.radiopresidenteibanez.cl\/web\/covid-19-autoridades-entregaron-nuevas-cifras-donde-magallanes-alcanza-las-396-personas-contagiadas-y-los-4-fallecidos\/","title":{"rendered":"COVID-19: AUTORIDADES ENTREGARON NUEVAS CIFRAS DONDE MAGALLANES ALCANZA LAS 396 PERSONAS CONTAGIADAS Y LOS 4 FALLECIDOS"},"content":{"rendered":"\n<p>En horas de la tarde, la Subsecretaria de Salud, Paula Daza, entreg\u00f3 nuevas cifras respecto al covid-19 en el pa\u00eds, en donde a nivel nacional se alcanzaron los 7213 casos, de los cuales 2059 est\u00e1n recuperados mientras que 387 personas se encuentran en UCI, 328 con ventilador mec\u00e1nico, 78 en estado cr\u00edtico y la cifra de fallecidos alcanza los 80.<\/p>\n\n\n\n<p>En Magallanes las cifras siguen creciendo en las \u00faltimas 24 horas, aument\u00f3 la cifra en 19 personas, y 1 fallecido, alcanzando un total de 396 personas infectadas y cuatro fallecidas.<\/p>\n\n\n\n<figure class=\"wp-block-image size-large\"><img loading=\"lazy\" decoding=\"async\" width=\"1024\" height=\"809\" src=\"https:\/\/www.radiopresidenteibanez.cl\/web\/wp-content\/uploads\/2020\/04\/tabla-1024x809.jpg\" alt=\"\" class=\"wp-image-10962\" srcset=\"https:\/\/www.radiopresidenteibanez.cl\/web\/wp-content\/uploads\/2020\/04\/tabla-1024x809.jpg 1024w, https:\/\/www.radiopresidenteibanez.cl\/web\/wp-content\/uploads\/2020\/04\/tabla-300x237.jpg 300w, https:\/\/www.radiopresidenteibanez.cl\/web\/wp-content\/uploads\/2020\/04\/tabla-768x607.jpg 768w, https:\/\/www.radiopresidenteibanez.cl\/web\/wp-content\/uploads\/2020\/04\/tabla.jpg 1133w\" sizes=\"auto, (max-width: 1024px) 100vw, 1024px\" \/><\/figure>\n","protected":false},"excerpt":{"rendered":"<p>En horas de la tarde, la Subsecretaria de Salud, Paula Daza, entreg\u00f3 nuevas cifras respecto al covid-19 en el pa\u00eds, en donde a nivel nacional se alcanzaron los 7213 casos,&#8230; <a class=\"read-more\" href=\"https:\/\/www.radiopresidenteibanez.cl\/web\/covid-19-autoridades-entregaron-nuevas-cifras-donde-magallanes-alcanza-las-396-personas-contagiadas-y-los-4-fallecidos\/\">Leer m\u00e1s<\/a><\/p>\n","protected":false},"author":2,"featured_media":10962,"comment_status":"closed","ping_status":"closed","sticky":false,"template":"","format":"standard","meta":{"footnotes":""},"categories":[1],"tags":[],"class_list":["post-10961","post","type-post","status-publish","format-standard","has-post-thumbnail","hentry","category-cronica"],"_links":{"self":[{"href":"https:\/\/www.radiopresidenteibanez.cl\/web\/wp-json\/wp\/v2\/posts\/10961","targetHints":{"allow":["GET"]}}],"collection":[{"href":"https:\/\/www.radiopresidenteibanez.cl\/web\/wp-json\/wp\/v2\/posts"}],"about":[{"href":"https:\/\/www.radiopresidenteibanez.cl\/web\/wp-json\/wp\/v2\/types\/post"}],"author":[{"embeddable":true,"href":"https:\/\/www.radiopresidenteibanez.cl\/web\/wp-json\/wp\/v2\/users\/2"}],"replies":[{"embeddable":true,"href":"https:\/\/www.radiopresidenteibanez.cl\/web\/wp-json\/wp\/v2\/comments?post=10961"}],"version-history":[{"count":0,"href":"https:\/\/www.radiopresidenteibanez.cl\/web\/wp-json\/wp\/v2\/posts\/10961\/revisions"}],"wp:featuredmedia":[{"embeddable":true,"href":"https:\/\/www.radiopresidenteibanez.cl\/web\/wp-json\/wp\/v2\/media\/10962"}],"wp:attachment":[{"href":"https:\/\/www.radiopresidenteibanez.cl\/web\/wp-json\/wp\/v2\/media?parent=10961"}],"wp:term":[{"taxonomy":"category","embeddable":true,"href":"https:\/\/www.radiopresidenteibanez.cl\/web\/wp-json\/wp\/v2\/categories?post=10961"},{"taxonomy":"post_tag","embeddable":true,"href":"https:\/\/www.radiopresidenteibanez.cl\/web\/wp-json\/wp\/v2\/tags?post=10961"}],"curies":[{"name":"wp","href":"https:\/\/api.w.org\/{rel}","templated":true}]}}