{"id":109,"date":"2018-12-25T15:58:30","date_gmt":"2018-12-25T15:58:30","guid":{"rendered":"http:\/\/www.radiopresidenteibanez.cl\/web\/?p=109"},"modified":"2018-12-25T15:58:38","modified_gmt":"2018-12-25T15:58:38","slug":"operativo-entrego-200-atenciones-oftalmologicas-y-otorgo-100-pares-de-lentes-a-la-poblacion","status":"publish","type":"post","link":"https:\/\/www.radiopresidenteibanez.cl\/web\/operativo-entrego-200-atenciones-oftalmologicas-y-otorgo-100-pares-de-lentes-a-la-poblacion\/","title":{"rendered":"OPERATIVO ENTREG\u00d3 200 ATENCIONES OFTALMOL\u00d3GICAS Y OTORG\u00d3 100 PARES DE LENTES A LA POBLACI\u00d3N"},"content":{"rendered":"\n<p>Poco m\u00e1s de tres fines de semana dur\u00f3 el operativo oftalmol\u00f3gico que\nrealiz\u00f3 la Gobernaci\u00f3n Provincial de \u00daltima Esperanza en conjunto con la Unidad\nde Deportes de la Municipalidad de Natales, donde se realizaron 200 atenciones\noftalmol\u00f3gicas y entregaron cerca de 100 pares de lentes de manera gratuita a\npersonas vulnerables y de la tercera edad de la provincia.<\/p>\n\n\n\n<p>Ante esto la Gobernadora Ana Mayorga inform\u00f3 que \u201cRealizamos el operativo\noftalmol\u00f3gico con un Tecn\u00f3logo M\u00e9dico, donde contemplamos alrededor de 200\natenciones, que son parte de los Fondos del 6% social del FNDR y que llevamos a\ncabo en la Gobernaci\u00f3n Provincial. Adem\u00e1s son 100 lentes los que entregamos a\nlas personas de mayor vulnerabilidad, adem\u00e1s de los adultos mayores que se\natendieron, en coordinaci\u00f3n con el Departamento Social de la Municipalidad de\nNatales y con el Departamento Social de la Gobernaci\u00f3n\u201d.<\/p>\n\n\n\n<p>Por otra parte, el Alcalde de la Comuna de Natales, Fernando Paredes,\nagradeci\u00f3 al Consejo Regional y se\u00f1al\u00f3 que \u201caqu\u00ed son aproximadamente 3,5\nmillones de pesos que se aprobaron para un proyecto que lo presentamos en\nconjunto con la Gobernaci\u00f3n Provincial de \u00daltima Esperanza. Hay que entender que\ncuando existe un trabajo colaborativo y uno entiende que hay una preocupaci\u00f3n\ndesde el punto de vista social para poder solucionar muchos casos que se\npresentan especialmente con la oftalmolog\u00eda. Aqu\u00ed se ha tra\u00eddo una \u00f3ptica desde\nPunta Arenas y la gente tiene la atenci\u00f3n de un t\u00e9cnico, la cual es integral y\nque vale la pena resaltarla porque aqu\u00ed se est\u00e1 atendiendo a las personas m\u00e1s\nvulnerables de nuestra ciudad\u201d.<\/p>\n\n\n\n<p>Para finalizar, la jefa provincial indic\u00f3 que \u201cconocimos la metodolog\u00eda que\nhoy se est\u00e1 utilizando para atender a los pacientes y la idea con este proyecto\nes poder seguir avanzando, junto a la Municipalidad, en el apoyo social\nsobretodo a nuestros adultos mayores que requieran en la comuna de Natales\u201d.<\/p>\n","protected":false},"excerpt":{"rendered":"<p>Poco m\u00e1s de tres fines de semana dur\u00f3 el operativo oftalmol\u00f3gico que realiz\u00f3 la Gobernaci\u00f3n Provincial de \u00daltima Esperanza en conjunto con la Unidad de Deportes de la Municipalidad de&#8230; <a class=\"read-more\" href=\"https:\/\/www.radiopresidenteibanez.cl\/web\/operativo-entrego-200-atenciones-oftalmologicas-y-otorgo-100-pares-de-lentes-a-la-poblacion\/\">Leer m\u00e1s<\/a><\/p>\n","protected":false},"author":2,"featured_media":110,"comment_status":"closed","ping_status":"closed","sticky":false,"template":"","format":"standard","meta":{"footnotes":""},"categories":[1],"tags":[],"class_list":["post-109","post","type-post","status-publish","format-standard","has-post-thumbnail","hentry","category-cronica"],"_links":{"self":[{"href":"https:\/\/www.radiopresidenteibanez.cl\/web\/wp-json\/wp\/v2\/posts\/109","targetHints":{"allow":["GET"]}}],"collection":[{"href":"https:\/\/www.radiopresidenteibanez.cl\/web\/wp-json\/wp\/v2\/posts"}],"about":[{"href":"https:\/\/www.radiopresidenteibanez.cl\/web\/wp-json\/wp\/v2\/types\/post"}],"author":[{"embeddable":true,"href":"https:\/\/www.radiopresidenteibanez.cl\/web\/wp-json\/wp\/v2\/users\/2"}],"replies":[{"embeddable":true,"href":"https:\/\/www.radiopresidenteibanez.cl\/web\/wp-json\/wp\/v2\/comments?post=109"}],"version-history":[{"count":0,"href":"https:\/\/www.radiopresidenteibanez.cl\/web\/wp-json\/wp\/v2\/posts\/109\/revisions"}],"wp:featuredmedia":[{"embeddable":true,"href":"https:\/\/www.radiopresidenteibanez.cl\/web\/wp-json\/wp\/v2\/media\/110"}],"wp:attachment":[{"href":"https:\/\/www.radiopresidenteibanez.cl\/web\/wp-json\/wp\/v2\/media?parent=109"}],"wp:term":[{"taxonomy":"category","embeddable":true,"href":"https:\/\/www.radiopresidenteibanez.cl\/web\/wp-json\/wp\/v2\/categories?post=109"},{"taxonomy":"post_tag","embeddable":true,"href":"https:\/\/www.radiopresidenteibanez.cl\/web\/wp-json\/wp\/v2\/tags?post=109"}],"curies":[{"name":"wp","href":"https:\/\/api.w.org\/{rel}","templated":true}]}}