{"id":10833,"date":"2020-04-07T13:30:21","date_gmt":"2020-04-07T13:30:21","guid":{"rendered":"https:\/\/www.radiopresidenteibanez.cl\/web\/?p=10833"},"modified":"2020-04-07T13:30:25","modified_gmt":"2020-04-07T13:30:25","slug":"la-cuarentena-deberia-extenderse-por-varias-semanas-expreso-claudio-radonich-alcalde-de-punta-arenas","status":"publish","type":"post","link":"https:\/\/www.radiopresidenteibanez.cl\/web\/la-cuarentena-deberia-extenderse-por-varias-semanas-expreso-claudio-radonich-alcalde-de-punta-arenas\/","title":{"rendered":"\u201cLA CUARENTENA DEBER\u00cdA EXTENDERSE POR VARIAS SEMANAS\u201d, EXPRES\u00d3 CLAUDIO RADONICH ALCALDE DE PUNTA ARENAS"},"content":{"rendered":"\n<p>Este d\u00eda mi\u00e9rcoles 8 de abril, se cumplen los 7 d\u00edas de\ncuarentena anunciada por el ministro de Salud, Jaime Ma\u00f1alich y la\nsubsecretaria de la cartera antes mencionada, Paula Daza, en este sentido el\nalcalde de la comuna de Punta Arenas, Claudio Radonich, mostr\u00f3 su preocupaci\u00f3n\nante la gran cantidad de casos que se han detectados de Coronavirus Covid-19 en\nMagallanes.<\/p>\n\n\n\n<p>En la ocasi\u00f3n el edil expres\u00f3 que \u201cesta cuarentena deber\u00eda\nextenderse por varias semanas, no bastar\u00e1n siete d\u00edas para frenar la propagaci\u00f3n\ndel virus\u201d.<\/p>\n\n\n\n<p>Por su parte en una entrevista otorgada a un diario regional, el intendente de la regi\u00f3n de Magallanes, Jos\u00e9 Fern\u00e1ndez, indic\u00f3 que de seguir o no la cuarentena es decisi\u00f3n del Gobierno central.<\/p>\n\n\n\n<p><\/p>\n\n\n\n<p>CHH.<\/p>\n","protected":false},"excerpt":{"rendered":"<p>Este d\u00eda mi\u00e9rcoles 8 de abril, se cumplen los 7 d\u00edas de cuarentena anunciada por el ministro de Salud, Jaime Ma\u00f1alich y la subsecretaria de la cartera antes mencionada, Paula&#8230; <a class=\"read-more\" href=\"https:\/\/www.radiopresidenteibanez.cl\/web\/la-cuarentena-deberia-extenderse-por-varias-semanas-expreso-claudio-radonich-alcalde-de-punta-arenas\/\">Leer m\u00e1s<\/a><\/p>\n","protected":false},"author":2,"featured_media":6151,"comment_status":"closed","ping_status":"closed","sticky":false,"template":"","format":"standard","meta":{"footnotes":""},"categories":[1],"tags":[],"class_list":["post-10833","post","type-post","status-publish","format-standard","has-post-thumbnail","hentry","category-cronica"],"_links":{"self":[{"href":"https:\/\/www.radiopresidenteibanez.cl\/web\/wp-json\/wp\/v2\/posts\/10833","targetHints":{"allow":["GET"]}}],"collection":[{"href":"https:\/\/www.radiopresidenteibanez.cl\/web\/wp-json\/wp\/v2\/posts"}],"about":[{"href":"https:\/\/www.radiopresidenteibanez.cl\/web\/wp-json\/wp\/v2\/types\/post"}],"author":[{"embeddable":true,"href":"https:\/\/www.radiopresidenteibanez.cl\/web\/wp-json\/wp\/v2\/users\/2"}],"replies":[{"embeddable":true,"href":"https:\/\/www.radiopresidenteibanez.cl\/web\/wp-json\/wp\/v2\/comments?post=10833"}],"version-history":[{"count":0,"href":"https:\/\/www.radiopresidenteibanez.cl\/web\/wp-json\/wp\/v2\/posts\/10833\/revisions"}],"wp:featuredmedia":[{"embeddable":true,"href":"https:\/\/www.radiopresidenteibanez.cl\/web\/wp-json\/wp\/v2\/media\/6151"}],"wp:attachment":[{"href":"https:\/\/www.radiopresidenteibanez.cl\/web\/wp-json\/wp\/v2\/media?parent=10833"}],"wp:term":[{"taxonomy":"category","embeddable":true,"href":"https:\/\/www.radiopresidenteibanez.cl\/web\/wp-json\/wp\/v2\/categories?post=10833"},{"taxonomy":"post_tag","embeddable":true,"href":"https:\/\/www.radiopresidenteibanez.cl\/web\/wp-json\/wp\/v2\/tags?post=10833"}],"curies":[{"name":"wp","href":"https:\/\/api.w.org\/{rel}","templated":true}]}}