{"id":10829,"date":"2020-04-07T03:03:14","date_gmt":"2020-04-07T03:03:14","guid":{"rendered":"https:\/\/www.radiopresidenteibanez.cl\/web\/?p=10829"},"modified":"2020-04-07T03:03:19","modified_gmt":"2020-04-07T03:03:19","slug":"intendente-jose-fernandez-presidio-la-mesa-social-covid-19-en-magallanes","status":"publish","type":"post","link":"https:\/\/www.radiopresidenteibanez.cl\/web\/intendente-jose-fernandez-presidio-la-mesa-social-covid-19-en-magallanes\/","title":{"rendered":"INTENDENTE JOS\u00c9 FERN\u00c1NDEZ PRESIDI\u00d3 LA MESA SOCIAL COVID-19 EN MAGALLANES"},"content":{"rendered":"\n<p>La tarde de\neste lunes, y a trav\u00e9s de la modalidad de videoconferencia, el Intendente de\nMagallanes y de la Ant\u00e1rtica Chilena, Jos\u00e9 Fern\u00e1ndez D\u00fcbrock, lider\u00f3 la primera\nsesi\u00f3n de la Mesa Social COVID-19 de Magallanes, instancia que busca generar un\ndi\u00e1logo directo y participativo entre los diversos actores de la regi\u00f3n, con el\nobjetivo de abordar de manera integral las complejidades que ha provocado la\npandemia del coronavirus, espec\u00edficamente en el territorio m\u00e1s austral del pa\u00eds.<\/p>\n\n\n\n<p>En la\ninstancia particip\u00f3 el alcalde de Natales y presidente de la Asociaci\u00f3n Chilena\nde Municipalidades (AChM), Fernando Paredes; la seremi de Gobierno, Alejandra Mu\u00f1oz;\nla seremi de Salud, Mariela Rojas, el director del Servicio de Salud, Nelson\nReyes; el consejero regional y presidente de la Comisi\u00f3n Social, Juan Vukusic; el\npresidente del Colegio M\u00e9dico de Magallanes, Gonzalo S\u00e1ez; el rector de la\nUniversidad de Magallanes (Umag), Juan Oyarzo y la presidenta de la Uni\u00f3n\nComunal Punta Arenas, Cecilia C\u00e1rdenas, a quienes se unir\u00e1n nuevos\nrepresentantes en las pr\u00f3ximas sesiones para llevar adelante un equipo que\nabarque todas las aristas que se deber\u00e1n considerar a la hora de tomar\ndecisiones en beneficio de la comunidad tras el impacto del COVID-19.<\/p>\n\n\n\n<p>El jefe\nregional aprovech\u00f3 la oportunidad de informar a los asistentes que el Gobierno\nRegional est\u00e1 trabajado con m\u00e1xima dedicaci\u00f3n en un plan estrat\u00e9gico que apunta\na guiar y coordinar de manera eficiente las acciones y la inversi\u00f3n regional,\nen un plazo de al menos un a\u00f1o.<\/p>\n\n\n\n<p>Para esto se\ndefinieron tres ejes prioritarios: Sanitario, Social y Econ\u00f3mico, entendiendo\nque ser\u00e1n las \u00e1reas que requerir\u00e1n un fuerte apoyo para superar esta crisis.<\/p>\n\n\n\n<p>Al t\u00e9rmino del\nc\u00f3nclave, el Intendente expres\u00f3 que \u201cdebemos entender que esta pandemia cambi\u00f3\nlas prioridades, y que el apoyo hacia la comunidad, hacia las pymes, hacia el\nempleo, en el \u00e1mbito de salud, y en tantos otros aspectos requieren de un plan\nde inversi\u00f3n, pero tambi\u00e9n con sentido de urgencia. Para llevar a cabo este\nobjetivo de una manera ordenada, con un camino claro y que nos gu\u00ede hacia donde\nqueremos llegar, debemos tener una estrategia desde donde todos se desplieguen,\ny en ese sentido agradezco la buena acogida que tuvo la iniciativa en esta mesa\nCOVID-19\u201d.<\/p>\n\n\n\n<p>Precisamente\nlos aportes que surjan de la mesa de trabajo, se podr\u00e1n incorporar al documento\nregional, para que de esta manera se concrete un plan com\u00fan, donde la mayor\u00eda\nde las visiones y preocupaciones de los actores que integren esta instancia\nest\u00e9n consideradas.<\/p>\n\n\n\n<p>Cabe se\u00f1alar\nque durante esta jornada, los integrantes de la mesa entregaron sus primeros\naportes y recomendaciones seg\u00fan sus conocimientos y experiencia, lo que fue\naltamente valorado por el Intendente, quien acot\u00f3 finalmente que \u201ceste virus\nnos insta al trabajo en conjunto. Solos no podremos enfrentar el coronavirus ni\nsus consecuencias, por eso conf\u00edo en que esta mesa ser\u00e1 de mucho di\u00e1logo,\nsolidaridad y utilidad para toda la regi\u00f3n y su gente\u201d.<\/p>\n","protected":false},"excerpt":{"rendered":"<p>La tarde de este lunes, y a trav\u00e9s de la modalidad de videoconferencia, el Intendente de Magallanes y de la Ant\u00e1rtica Chilena, Jos\u00e9 Fern\u00e1ndez D\u00fcbrock, lider\u00f3 la primera sesi\u00f3n de&#8230; <a class=\"read-more\" href=\"https:\/\/www.radiopresidenteibanez.cl\/web\/intendente-jose-fernandez-presidio-la-mesa-social-covid-19-en-magallanes\/\">Leer m\u00e1s<\/a><\/p>\n","protected":false},"author":2,"featured_media":10830,"comment_status":"closed","ping_status":"closed","sticky":false,"template":"","format":"standard","meta":{"footnotes":""},"categories":[1],"tags":[],"class_list":["post-10829","post","type-post","status-publish","format-standard","has-post-thumbnail","hentry","category-cronica"],"_links":{"self":[{"href":"https:\/\/www.radiopresidenteibanez.cl\/web\/wp-json\/wp\/v2\/posts\/10829","targetHints":{"allow":["GET"]}}],"collection":[{"href":"https:\/\/www.radiopresidenteibanez.cl\/web\/wp-json\/wp\/v2\/posts"}],"about":[{"href":"https:\/\/www.radiopresidenteibanez.cl\/web\/wp-json\/wp\/v2\/types\/post"}],"author":[{"embeddable":true,"href":"https:\/\/www.radiopresidenteibanez.cl\/web\/wp-json\/wp\/v2\/users\/2"}],"replies":[{"embeddable":true,"href":"https:\/\/www.radiopresidenteibanez.cl\/web\/wp-json\/wp\/v2\/comments?post=10829"}],"version-history":[{"count":0,"href":"https:\/\/www.radiopresidenteibanez.cl\/web\/wp-json\/wp\/v2\/posts\/10829\/revisions"}],"wp:featuredmedia":[{"embeddable":true,"href":"https:\/\/www.radiopresidenteibanez.cl\/web\/wp-json\/wp\/v2\/media\/10830"}],"wp:attachment":[{"href":"https:\/\/www.radiopresidenteibanez.cl\/web\/wp-json\/wp\/v2\/media?parent=10829"}],"wp:term":[{"taxonomy":"category","embeddable":true,"href":"https:\/\/www.radiopresidenteibanez.cl\/web\/wp-json\/wp\/v2\/categories?post=10829"},{"taxonomy":"post_tag","embeddable":true,"href":"https:\/\/www.radiopresidenteibanez.cl\/web\/wp-json\/wp\/v2\/tags?post=10829"}],"curies":[{"name":"wp","href":"https:\/\/api.w.org\/{rel}","templated":true}]}}