{"id":10826,"date":"2020-04-06T22:30:31","date_gmt":"2020-04-06T22:30:31","guid":{"rendered":"https:\/\/www.radiopresidenteibanez.cl\/web\/?p=10826"},"modified":"2020-04-06T22:30:37","modified_gmt":"2020-04-06T22:30:37","slug":"alcalde-paredes-planteo-en-la-mesa-social-covid-19-mayor-apoyo-economico-para-las-municipalidades","status":"publish","type":"post","link":"https:\/\/www.radiopresidenteibanez.cl\/web\/alcalde-paredes-planteo-en-la-mesa-social-covid-19-mayor-apoyo-economico-para-las-municipalidades\/","title":{"rendered":"ALCALDE PAREDES PLANTE\u00d3 EN LA MESA SOCIAL COVID-19 MAYOR APOYO ECON\u00d3MICO PARA LAS MUNICIPALIDADES"},"content":{"rendered":"\n<p>Durante estos d\u00edas, el alcalde de\nla comuna de Natales y Presidente de la Asociaci\u00f3n Chilena de Municipalidades,\nFernando Paredes, particip\u00f3 de la mesa social covid-19, en donde acordaron\njunto a personeros de gobierno recibir un apoyo por parte del Estado a las\nmunicipalidades en las pr\u00f3ximas semanas.<\/p>\n\n\n\n<p>En la videoconferencia, acordaron\ntambi\u00e9n la entrega a los municipios de mayor informaci\u00f3n sobre las cuarentenas\nen las ciudades y recibieron los protocolos de limpieza del Ministerio de\nSalud, adem\u00e1s de recomendaciones para los alcaldes de parte del Colegio M\u00e9dico.<\/p>\n\n\n\n<p>Una de las peticiones m\u00e1s\nimportantes de los alcaldes fue contar con apoyo por parte del gobierno.\n\u00abHemos planteado nuestra necesidad de poder aliviar las arcas municipales\ny el ministro del Interior se ha comprometido con nuestra Asociaci\u00f3n. La\npr\u00f3xima semana har\u00e1n un anuncio importante respecto de poder mejorar los\ningresos y c\u00f3mo van a potenciar los ingresos municipales\u00bb, dijo el alcalde\nde Natales.<\/p>\n\n\n\n<p>Adem\u00e1s, el Presidente de la\nAsociaci\u00f3n, Fernando Paredes, transmiti\u00f3 a los dem\u00e1s alcaldes las palabras del\nministro del Interior. \u00abRepresentando al gobierno ha manifestado su\nreconocimiento al apoyo que el gobierno ha sentido por gran parte de los\nalcaldes, entendiendo que aqu\u00ed se reconoce que la emergencia est\u00e1 a cargo de la\nautoridad sanitaria, y de eso poco a poco los alcaldes hemos ido manifestando\nnuestro apoyo en todas las comunas en general en nuestro pa\u00eds\u00bb.<\/p>\n\n\n\n<p>Asimismo, la autoridad comunal se\nmostr\u00f3 muy esperanzado por los nuevos acuerdos pactados, y se\u00f1al\u00f3 que seguir\u00e1\ntrabajando para potenciar el municipalismo buscando mayores beneficios para\ncada uno de los habitantes de todas las comunas del pa\u00eds.<\/p>\n","protected":false},"excerpt":{"rendered":"<p>Durante estos d\u00edas, el alcalde de la comuna de Natales y Presidente de la Asociaci\u00f3n Chilena de Municipalidades, Fernando Paredes, particip\u00f3 de la mesa social covid-19, en donde acordaron junto&#8230; <a class=\"read-more\" href=\"https:\/\/www.radiopresidenteibanez.cl\/web\/alcalde-paredes-planteo-en-la-mesa-social-covid-19-mayor-apoyo-economico-para-las-municipalidades\/\">Leer m\u00e1s<\/a><\/p>\n","protected":false},"author":2,"featured_media":10827,"comment_status":"closed","ping_status":"closed","sticky":false,"template":"","format":"standard","meta":{"footnotes":""},"categories":[1],"tags":[],"class_list":["post-10826","post","type-post","status-publish","format-standard","has-post-thumbnail","hentry","category-cronica"],"_links":{"self":[{"href":"https:\/\/www.radiopresidenteibanez.cl\/web\/wp-json\/wp\/v2\/posts\/10826","targetHints":{"allow":["GET"]}}],"collection":[{"href":"https:\/\/www.radiopresidenteibanez.cl\/web\/wp-json\/wp\/v2\/posts"}],"about":[{"href":"https:\/\/www.radiopresidenteibanez.cl\/web\/wp-json\/wp\/v2\/types\/post"}],"author":[{"embeddable":true,"href":"https:\/\/www.radiopresidenteibanez.cl\/web\/wp-json\/wp\/v2\/users\/2"}],"replies":[{"embeddable":true,"href":"https:\/\/www.radiopresidenteibanez.cl\/web\/wp-json\/wp\/v2\/comments?post=10826"}],"version-history":[{"count":0,"href":"https:\/\/www.radiopresidenteibanez.cl\/web\/wp-json\/wp\/v2\/posts\/10826\/revisions"}],"wp:featuredmedia":[{"embeddable":true,"href":"https:\/\/www.radiopresidenteibanez.cl\/web\/wp-json\/wp\/v2\/media\/10827"}],"wp:attachment":[{"href":"https:\/\/www.radiopresidenteibanez.cl\/web\/wp-json\/wp\/v2\/media?parent=10826"}],"wp:term":[{"taxonomy":"category","embeddable":true,"href":"https:\/\/www.radiopresidenteibanez.cl\/web\/wp-json\/wp\/v2\/categories?post=10826"},{"taxonomy":"post_tag","embeddable":true,"href":"https:\/\/www.radiopresidenteibanez.cl\/web\/wp-json\/wp\/v2\/tags?post=10826"}],"curies":[{"name":"wp","href":"https:\/\/api.w.org\/{rel}","templated":true}]}}