{"id":10823,"date":"2020-04-06T22:28:01","date_gmt":"2020-04-06T22:28:01","guid":{"rendered":"https:\/\/www.radiopresidenteibanez.cl\/web\/?p=10823"},"modified":"2020-04-06T22:28:05","modified_gmt":"2020-04-06T22:28:05","slug":"abre-inscripciones-para-enfrentar-emergencia-aguas-magallanes-contigo-en-casa-beneficios-que-te-cuidan","status":"publish","type":"post","link":"https:\/\/www.radiopresidenteibanez.cl\/web\/abre-inscripciones-para-enfrentar-emergencia-aguas-magallanes-contigo-en-casa-beneficios-que-te-cuidan\/","title":{"rendered":"ABRE INSCRIPCIONES PARA ENFRENTAR EMERGENCIA: AGUAS MAGALLANES CONTIGO EN CASA, BENEFICIOS QUE TE CUIDAN"},"content":{"rendered":"\n<p>Desde la compa\u00f1\u00eda anunciaron que las medidas -acordadas por las sanitarias del pa\u00eds- son una se\u00f1al concreta de apoyo, especialmente para las familias de mayor vulnerabilidad. \u201cSin duda, hoy m\u00e1s que nunca, el llamado es a protegernos, por ello, aquellas personas que pertenezcan al&nbsp;40% de los hogares m\u00e1s vulnerables, adultos mayores con dificultades de pago o clientes que hayan perdido su fuente laboral producto de la emergencia y consuman menos de 10 m3\/mes, podr\u00e1n acceder desde nuestra plataforma&nbsp;<a href=\"http:\/\/www.aguasmagallanes.cl\/\" target=\"_blank\" rel=\"noreferrer noopener\">www.aguasmagallanes.cl<\/a>&nbsp;a los beneficios que hemos dispuesto para ellos\u201d, explic\u00f3 Christian Adema Galetovic, gerente regional de Aguas Magallanes.<\/p>\n\n\n\n<p>\u201cEl compromiso permanente que tenemos con las familias que atendemos en todo nuestro territorio de concesi\u00f3n nos ha llevado a revisar e implementar una serie de ajustes en nuestros sistemas operativos para poder comenzar esta semana con las primeras postulaciones a los beneficios\u201d, a\u00f1adi\u00f3 el ejecutivo.<\/p>\n\n\n\n<p>Cabe recordar que una de las primeras medidas adoptadas por la empresa para la protecci\u00f3n de sus clientes y colaboradores fue el cierre de sus oficinas comerciales, por tal motivo, las postulaciones podr\u00e1n realizarse a trav\u00e9s del sitio web antes se\u00f1alado. \u201cAll\u00ed encontrar\u00e1n una secci\u00f3n especial para que, dependiendo del caso, puedan realizar su postulaci\u00f3n adjuntando la documentaci\u00f3n requerida. Adicionalmente, hemos reforzado nuestro Call Center 61 228 00 28 &#8211; 2 23612827. Tambi\u00e9n nos pueden contactar escribiendo al correo electr\u00f3nico&nbsp;<a href=\"mailto:consultas@aguasmagallanes.cl\" target=\"_blank\" rel=\"noreferrer noopener\">consultas@aguasmagallanes.cl<\/a>, donde las ejecutivas de atenci\u00f3n podr\u00e1n responder a sus consultas y guiarlos en este tr\u00e1mite\u201d, explic\u00f3.<\/p>\n\n\n\n<p>En relaci\u00f3n a las familias que pertenecen al 40% de hogares m\u00e1s vulnerables, \u00e9stas deber\u00e1n acreditar su condici\u00f3n social, documento que podr\u00e1n obtener desde el sitio web del Registro Social de Hogares,&nbsp;<a href=\"http:\/\/www.registrosocial.gob.cl\/\" target=\"_blank\" rel=\"noreferrer noopener\">www.registrosocial.gob.cl<\/a>. \u201cEn el caso de los adultos mayores, se requiere una copia de su C\u00e9dula de Identidad y documento que acredite problemas econ\u00f3micos. Las personas que se encuentren cesantes, deber\u00e1n acompa\u00f1ar una copia de su finiquito o documento similar, que nos permita acreditar su estado, a partir del 19 de marzo de 2020\u201d, indic\u00f3 Adema Galetovic. \u201cEstamos conscientes que existe mucha intranquilidad por la situaci\u00f3n que nos afecta, pero queremos decirles a nuestros clientes que estamos haciendo todos los esfuerzos que sean necesarios para poder apoyarlos en esta crisis. Tenemos un compromiso con nuestra gente, nuestras regiones y nuestro pa\u00eds y desde Aguas Magallanes implementamos medidas tempranamente, asegurando a todos nuestros clientes el acceso al agua potable y al servicio de alcantarillado durante este per\u00edodo\u201d, concluy\u00f3.<\/p>\n\n\n\n<p>Para consultas se puede llamar a los tel\u00e9fonos 61 228 00 28, al 2 23612827 o escribir al mail&nbsp;<a href=\"mailto:consultas@aguasmagallanes.cl\" target=\"_blank\" rel=\"noreferrer noopener\">consultas@aguasmagallanes.cl<\/a>.&nbsp;<\/p>\n","protected":false},"excerpt":{"rendered":"<p>Desde la compa\u00f1\u00eda anunciaron que las medidas -acordadas por las sanitarias del pa\u00eds- son una se\u00f1al concreta de apoyo, especialmente para las familias de mayor vulnerabilidad. \u201cSin duda, hoy m\u00e1s&#8230; <a class=\"read-more\" href=\"https:\/\/www.radiopresidenteibanez.cl\/web\/abre-inscripciones-para-enfrentar-emergencia-aguas-magallanes-contigo-en-casa-beneficios-que-te-cuidan\/\">Leer m\u00e1s<\/a><\/p>\n","protected":false},"author":2,"featured_media":10824,"comment_status":"closed","ping_status":"closed","sticky":false,"template":"","format":"standard","meta":{"footnotes":""},"categories":[1],"tags":[],"class_list":["post-10823","post","type-post","status-publish","format-standard","has-post-thumbnail","hentry","category-cronica"],"_links":{"self":[{"href":"https:\/\/www.radiopresidenteibanez.cl\/web\/wp-json\/wp\/v2\/posts\/10823","targetHints":{"allow":["GET"]}}],"collection":[{"href":"https:\/\/www.radiopresidenteibanez.cl\/web\/wp-json\/wp\/v2\/posts"}],"about":[{"href":"https:\/\/www.radiopresidenteibanez.cl\/web\/wp-json\/wp\/v2\/types\/post"}],"author":[{"embeddable":true,"href":"https:\/\/www.radiopresidenteibanez.cl\/web\/wp-json\/wp\/v2\/users\/2"}],"replies":[{"embeddable":true,"href":"https:\/\/www.radiopresidenteibanez.cl\/web\/wp-json\/wp\/v2\/comments?post=10823"}],"version-history":[{"count":0,"href":"https:\/\/www.radiopresidenteibanez.cl\/web\/wp-json\/wp\/v2\/posts\/10823\/revisions"}],"wp:featuredmedia":[{"embeddable":true,"href":"https:\/\/www.radiopresidenteibanez.cl\/web\/wp-json\/wp\/v2\/media\/10824"}],"wp:attachment":[{"href":"https:\/\/www.radiopresidenteibanez.cl\/web\/wp-json\/wp\/v2\/media?parent=10823"}],"wp:term":[{"taxonomy":"category","embeddable":true,"href":"https:\/\/www.radiopresidenteibanez.cl\/web\/wp-json\/wp\/v2\/categories?post=10823"},{"taxonomy":"post_tag","embeddable":true,"href":"https:\/\/www.radiopresidenteibanez.cl\/web\/wp-json\/wp\/v2\/tags?post=10823"}],"curies":[{"name":"wp","href":"https:\/\/api.w.org\/{rel}","templated":true}]}}