{"id":10821,"date":"2020-04-06T22:23:05","date_gmt":"2020-04-06T22:23:05","guid":{"rendered":"https:\/\/www.radiopresidenteibanez.cl\/web\/?p=10821"},"modified":"2020-04-06T22:23:10","modified_gmt":"2020-04-06T22:23:10","slug":"cchc-anticipa-severa-crisis-sectorial-y-hace-un-llamado-a-cuidar-la-salud-y-el-empleo-y-a-dar-continuidad-a-las-obras","status":"publish","type":"post","link":"https:\/\/www.radiopresidenteibanez.cl\/web\/cchc-anticipa-severa-crisis-sectorial-y-hace-un-llamado-a-cuidar-la-salud-y-el-empleo-y-a-dar-continuidad-a-las-obras\/","title":{"rendered":"CChC ANTICIPA SEVERA CRISIS SECTORIAL Y HACE UN LLAMADO A CUIDAR LA SALUD Y EL EMPLEO Y A DAR CONTINUIDAD A LAS OBRAS"},"content":{"rendered":"\n<p>Un cr\u00edtico panorama es el que vislumbra la C\u00e1mara Chilena de la Construcci\u00f3n (CChC) para los pr\u00f3ximos meses en el sector de la construcci\u00f3n. Un escenario que si bien se origin\u00f3 tras la crisis social del 18-O, se ha visto acrecentado con la contingencia provocada por la propagaci\u00f3n del Covid-19 y su impacto en la continuidad de las obras en ejecuci\u00f3n, en la confianza empresarial y en el acceso al cr\u00e9dito para financiamiento.<\/p>\n\n\n\n<p>De acuerdo a la CChC, este 2020 se prev\u00e9 una ca\u00edda de la inversi\u00f3n agregada del sector construcci\u00f3n del orden de 10,5%, casi tres puntos m\u00e1s que lo previsto en diciembre pasado. En relaci\u00f3n con el empleo que genera la construcci\u00f3n, se proyecta un desempleo sectorial superior a 12% para 2020.<\/p>\n\n\n\n<p>Es por lo anterior que el gremio constructor insisti\u00f3 en el llamado a las empresas del sector para que intensifiquen las medidas de prevenci\u00f3n al interior de las obras, de manera de proteger la salud de los trabajadores, el empleo y evitar nuevas paralizaciones, tal como ha ocurrido en el caso de las comunas que se encuentran bajo la cuarentena total dictada por la autoridad.<\/p>\n\n\n\n<p>\u201cEstamos ante un escenario de recesi\u00f3n que podr\u00eda ser m\u00e1s severo que la crisis&nbsp;<em>subprime<\/em>&nbsp;de 2009 y la crisis asi\u00e1tica de 1999. Por eso es&nbsp;fundamental que, adem\u00e1s de tomar todas las medidas para resguardar la salud de los trabajadores y prevenir contagios de Covid-19, se pueda dar continuidad a las obras en ejecuci\u00f3n. Sin nuevos proyectos y con obras detenidas, no hay ingresos y, sin ingresos, la p\u00e9rdida de puestos de trabajo y la quiebra de empresas se vuelven riesgos posibles\u201d, se\u00f1ala Patricio Donoso, presidente de la C\u00e1mara Chilena de la Construcci\u00f3n.<\/p>\n\n\n\n<p><strong>Medidas adoptadas<\/strong><\/p>\n\n\n\n<p>En el contexto de la pandemia de Covid-19 la CChC ha identificado distintas medidas para proteger la salud de las personas, as\u00ed como para dar continuidad a la relaci\u00f3n laboral y al flujo de ingresos de los trabajadores de la construcci\u00f3n.<\/p>\n\n\n\n<p>Es as\u00ed como, en primer lugar, elabor\u00f3 un Protocolo Sanitario para Obras de Construcci\u00f3n, que ha sido compartido a lo largo de todo Chile con el fin de que las empresas tomen medidas concretas para evitar el contagio y la propagaci\u00f3n del virus, junto con reforzar los protocolos de sanitizaci\u00f3n al interior de las obras y proponer cambios de h\u00e1bito en el traslado de los trabajadores a sus casas.<\/p>\n\n\n\n<p>Asimismo, el gremio ha elaborado un Protocolo Laboral Pro Empleo para orientar a las empresas socias en torno a las distintas herramientas disponibles, tanto en la normativa vigente como en las recientes medidas anunciadas por las autoridades, para proteger y mantener el v\u00ednculo laboral entre empleadores y trabajadores durante esta crisis sanitaria.<\/p>\n\n\n\n<p>\u201cEn los casi 70 a\u00f1os de existencia de la C\u00e1mara Chilena de la Construcci\u00f3n nos hemos preocupado constantemente por el trabajador de la construcci\u00f3n y sus familias. Es por ello que en los dif\u00edciles momentos que hoy estamos viviendo pedimos a las empresas socias que hagan su mayor esfuerzo para que esta crisis afecte de la menor manera a sus trabajadores y familias\u201d, explica Patricio Donoso.<\/p>\n\n\n\n<p>La preocupaci\u00f3n del presidente del gremio es compartida por las empresas del rubro. De acuerdo a la \u00faltima encuesta de expectativas empresariales realizada por la CChC a sus socios,&nbsp;el&nbsp;79%&nbsp;estima que la pandemia del Covid-19 tendr\u00e1 un impacto \u201calto\u201d o \u201cmuy alto\u201d para su actividad.<\/p>\n\n\n\n<p>De ah\u00ed que para enfrentar la crisis sanitaria y reducir su impacto econ\u00f3mico del pa\u00eds y de los hogares, el gremio constructor estima fundamental:<\/p>\n\n\n\n<p><strong>Aplicar estrictamente el \u201cProtocolo Sanitario para Obras de Construcci\u00f3n\u201d que se puedan seguir ejecutando<\/strong>. Recomienda adecuaci\u00f3n de horarios de ingreso y salida, flexibilizaci\u00f3n de la jornada laboral en varios turnos, toma de temperatura, variadas medidas de higiene y mantener informaci\u00f3n y di\u00e1logo permanente con los trabajadores.<\/p>\n\n\n\n<p><strong>Generar las condiciones para mantener la actividad productiva y proteger el empleo,<\/strong>&nbsp;como proveer de liquidez y acceso a cr\u00e9dito a las empresas, mantener una relaci\u00f3n contractual justa y equilibrada con los mandantes, ya sean p\u00fablico o privados, y aplicar las medidas de protecci\u00f3n al empleo que existen en la legislaci\u00f3n y en la ley recientemente aprobada.<\/p>\n\n\n\n<p><strong>Crear un marco institucional para una r\u00e1pida reactivaci\u00f3n.&nbsp;<\/strong>Por ejemplo, volver a garantizar el orden p\u00fablico, construir grandes acuerdos sobre temas que generan incertidumbre para las actividades productivas y, para todo ello, actuar con sentido de urgencia porque las necesidades ser\u00e1n muchas y el tiempo importa.<\/p>\n\n\n\n<p><strong>Indicadores econ\u00f3micos<\/strong><\/p>\n\n\n\n<p>La CChC estima una ca\u00edda de 10,5% anual en la inversi\u00f3n agregada del sector para 2020, la cual se explicar\u00eda por una ca\u00edda de 9% anual en el sector infraestructura y de&nbsp;13,2% anual en el sector vivienda. Junto con ello, estima que la tasa de cesant\u00eda en el sector podr\u00eda superar el 12% hacia fines de 2020, equivalente a unos 75.000 empleos menos.<br><\/p>\n","protected":false},"excerpt":{"rendered":"<p>Un cr\u00edtico panorama es el que vislumbra la C\u00e1mara Chilena de la Construcci\u00f3n (CChC) para los pr\u00f3ximos meses en el sector de la construcci\u00f3n. Un escenario que si bien se&#8230; <a class=\"read-more\" href=\"https:\/\/www.radiopresidenteibanez.cl\/web\/cchc-anticipa-severa-crisis-sectorial-y-hace-un-llamado-a-cuidar-la-salud-y-el-empleo-y-a-dar-continuidad-a-las-obras\/\">Leer m\u00e1s<\/a><\/p>\n","protected":false},"author":2,"featured_media":740,"comment_status":"closed","ping_status":"closed","sticky":false,"template":"","format":"standard","meta":{"footnotes":""},"categories":[1],"tags":[],"class_list":["post-10821","post","type-post","status-publish","format-standard","has-post-thumbnail","hentry","category-cronica"],"_links":{"self":[{"href":"https:\/\/www.radiopresidenteibanez.cl\/web\/wp-json\/wp\/v2\/posts\/10821","targetHints":{"allow":["GET"]}}],"collection":[{"href":"https:\/\/www.radiopresidenteibanez.cl\/web\/wp-json\/wp\/v2\/posts"}],"about":[{"href":"https:\/\/www.radiopresidenteibanez.cl\/web\/wp-json\/wp\/v2\/types\/post"}],"author":[{"embeddable":true,"href":"https:\/\/www.radiopresidenteibanez.cl\/web\/wp-json\/wp\/v2\/users\/2"}],"replies":[{"embeddable":true,"href":"https:\/\/www.radiopresidenteibanez.cl\/web\/wp-json\/wp\/v2\/comments?post=10821"}],"version-history":[{"count":0,"href":"https:\/\/www.radiopresidenteibanez.cl\/web\/wp-json\/wp\/v2\/posts\/10821\/revisions"}],"wp:featuredmedia":[{"embeddable":true,"href":"https:\/\/www.radiopresidenteibanez.cl\/web\/wp-json\/wp\/v2\/media\/740"}],"wp:attachment":[{"href":"https:\/\/www.radiopresidenteibanez.cl\/web\/wp-json\/wp\/v2\/media?parent=10821"}],"wp:term":[{"taxonomy":"category","embeddable":true,"href":"https:\/\/www.radiopresidenteibanez.cl\/web\/wp-json\/wp\/v2\/categories?post=10821"},{"taxonomy":"post_tag","embeddable":true,"href":"https:\/\/www.radiopresidenteibanez.cl\/web\/wp-json\/wp\/v2\/tags?post=10821"}],"curies":[{"name":"wp","href":"https:\/\/api.w.org\/{rel}","templated":true}]}}