{"id":10819,"date":"2020-04-06T22:20:10","date_gmt":"2020-04-06T22:20:10","guid":{"rendered":"https:\/\/www.radiopresidenteibanez.cl\/web\/?p=10819"},"modified":"2020-04-06T22:20:15","modified_gmt":"2020-04-06T22:20:15","slug":"diputada-sandra-amar-presentara-proyecto-que-permita-apoyo-financiero-y-material-para-el-sector-turistico-nacional-y-en-especial-para-magallanes","status":"publish","type":"post","link":"https:\/\/www.radiopresidenteibanez.cl\/web\/diputada-sandra-amar-presentara-proyecto-que-permita-apoyo-financiero-y-material-para-el-sector-turistico-nacional-y-en-especial-para-magallanes\/","title":{"rendered":"DIPUTADA SANDRA AMAR PRESENTAR\u00c1 PROYECTO QUE PERMITA APOYO FINANCIERO Y MATERIAL PARA EL SECTOR TUR\u00cdSTICO NACIONAL Y EN ESPECIAL PARA MAGALLANES"},"content":{"rendered":"\n<p>El turismo es productor de riqueza, haci\u00e9ndolo actualmente\nuna de las industrias de m\u00e1s r\u00e1pido crecimiento, ya que contribuye\nsignificativamente a la econom\u00eda a trav\u00e9s de la creaci\u00f3n de empleos, empresas,\nemprendimientos, infraestructura y ganancias de exportaciones.<\/p>\n\n\n\n<p>Considerando la importancia que tiene el&nbsp; turismo en nuestro pa\u00eds y principalmente en\nla regi\u00f3n de Magallanes, es que la diputada UDI Sandra Amar presentar\u00e1 un\nproyecto el cual va en directo beneficio al sector que se ha visto fuertemente\nafectado a ra\u00edz de la pandemia que ataca a todo el mundo Covid- 19.<\/p>\n\n\n\n<p>Frente a esto es que la parlamentaria se\u00f1alo \u201cel\nproyecto tiene como fin aportar econ\u00f3mica y materialmente para poder\nsobrellevar la crisis, planteando que en conjunto con los ministerios\npertinentes se cree un programa de apoyo econ\u00f3mico el cual permita apuntar a la\nentrega de herramientas y condiciones necesarias para el que el turismo\nnacional y en especial el de la Regi\u00f3n de Magallanes pueda enfrentar esta\ncrisis\u201d<\/p>\n\n\n\n<p>Cabe destacar que este proyecto busca apoyar y\npotenciar el turismo de la regi\u00f3n, la que cuenta con atractivos especiales de\nnaturaleza y desarrollo de actividades vinculadas a ambientes no intervenidos,\npor lo que resulta importante potenciar esta arista, la que nos permite\ndisfrutar de paisajes totalmente distintos todo el a\u00f1o. <\/p>\n","protected":false},"excerpt":{"rendered":"<p>El turismo es productor de riqueza, haci\u00e9ndolo actualmente una de las industrias de m\u00e1s r\u00e1pido crecimiento, ya que contribuye significativamente a la econom\u00eda a trav\u00e9s de la creaci\u00f3n de empleos,&#8230; <a class=\"read-more\" href=\"https:\/\/www.radiopresidenteibanez.cl\/web\/diputada-sandra-amar-presentara-proyecto-que-permita-apoyo-financiero-y-material-para-el-sector-turistico-nacional-y-en-especial-para-magallanes\/\">Leer m\u00e1s<\/a><\/p>\n","protected":false},"author":2,"featured_media":9509,"comment_status":"closed","ping_status":"closed","sticky":false,"template":"","format":"standard","meta":{"footnotes":""},"categories":[1],"tags":[],"class_list":["post-10819","post","type-post","status-publish","format-standard","has-post-thumbnail","hentry","category-cronica"],"_links":{"self":[{"href":"https:\/\/www.radiopresidenteibanez.cl\/web\/wp-json\/wp\/v2\/posts\/10819","targetHints":{"allow":["GET"]}}],"collection":[{"href":"https:\/\/www.radiopresidenteibanez.cl\/web\/wp-json\/wp\/v2\/posts"}],"about":[{"href":"https:\/\/www.radiopresidenteibanez.cl\/web\/wp-json\/wp\/v2\/types\/post"}],"author":[{"embeddable":true,"href":"https:\/\/www.radiopresidenteibanez.cl\/web\/wp-json\/wp\/v2\/users\/2"}],"replies":[{"embeddable":true,"href":"https:\/\/www.radiopresidenteibanez.cl\/web\/wp-json\/wp\/v2\/comments?post=10819"}],"version-history":[{"count":0,"href":"https:\/\/www.radiopresidenteibanez.cl\/web\/wp-json\/wp\/v2\/posts\/10819\/revisions"}],"wp:featuredmedia":[{"embeddable":true,"href":"https:\/\/www.radiopresidenteibanez.cl\/web\/wp-json\/wp\/v2\/media\/9509"}],"wp:attachment":[{"href":"https:\/\/www.radiopresidenteibanez.cl\/web\/wp-json\/wp\/v2\/media?parent=10819"}],"wp:term":[{"taxonomy":"category","embeddable":true,"href":"https:\/\/www.radiopresidenteibanez.cl\/web\/wp-json\/wp\/v2\/categories?post=10819"},{"taxonomy":"post_tag","embeddable":true,"href":"https:\/\/www.radiopresidenteibanez.cl\/web\/wp-json\/wp\/v2\/tags?post=10819"}],"curies":[{"name":"wp","href":"https:\/\/api.w.org\/{rel}","templated":true}]}}