{"id":10816,"date":"2020-04-06T22:18:12","date_gmt":"2020-04-06T22:18:12","guid":{"rendered":"https:\/\/www.radiopresidenteibanez.cl\/web\/?p=10816"},"modified":"2020-04-06T22:18:18","modified_gmt":"2020-04-06T22:18:18","slug":"municipalidad-de-porvenir-comenzo-trabajos-de-sanitizacion-en-diferentes-puntos-de-la-comuna","status":"publish","type":"post","link":"https:\/\/www.radiopresidenteibanez.cl\/web\/municipalidad-de-porvenir-comenzo-trabajos-de-sanitizacion-en-diferentes-puntos-de-la-comuna\/","title":{"rendered":"MUNICIPALIDAD DE PORVENIR COMENZ\u00d3 TRABAJOS DE SANITIZACI\u00d3N EN DIFERENTES PUNTOS DE LA COMUNA"},"content":{"rendered":"\n<p>La municipalidad de Porvenir, ha\nintensificado la labor de limpieza y sanitizaci\u00f3n en los espacios p\u00fablicos de\nla ciudad con el objetivo de minimizar el contagio de Covid-19. Es as\u00ed como el\nviernes pasado se desarroll\u00f3 en diferentes sectores y espacios p\u00fablicos de la\ncomuna.<\/p>\n\n\n\n<p>Durante la ma\u00f1ana del viernes y por\ninstrucciones expresas del Alcaldesa de Porvenir, Marisol Andrade C\u00e1rdenas, se\ninici\u00f3 un trabajo de sanitizaci\u00f3n, limpieza y desinfecci\u00f3n de diferentes puntos\nde la comuna, con el prop\u00f3sito de evitar la propagaci\u00f3n y contagio del\nCoronavirus.<\/p>\n\n\n\n<p>El proceso de limpieza lleg\u00f3\nprincipalmente a los espacios p\u00fablicos de la comuna con mayor afluencia de la\ncomunidad como la farmacia, Banco, locales comerciales, municipio y otros.<\/p>\n\n\n\n<p>Al respecto la jefa comunal, indic\u00f3,\n\u201cque la idea es sanitizar todos los ingresos de los espacios p\u00fablicos donde\nexiste mayor concurrencia de gente\u201d, a\u00f1adi\u00f3 la autoridad edilicia \u201cque estos\ntrabajos se realizaran diariamente y adem\u00e1s se sumar\u00e1 a est\u00e1 iniciativa un\ntrabajo conjunto con la primera compa\u00f1\u00eda de bomberos los cuales el d\u00eda de ayer\nrealizaron la sanitizaci\u00f3n de las calles de la comuna\u201d.&nbsp; <\/p>\n\n\n\n<p>Dichos trabajos se llevar\u00e1n a cabo\nnuevamente durante los pr\u00f3ximos d\u00edas en Porvenir.<\/p>\n","protected":false},"excerpt":{"rendered":"<p>La municipalidad de Porvenir, ha intensificado la labor de limpieza y sanitizaci\u00f3n en los espacios p\u00fablicos de la ciudad con el objetivo de minimizar el contagio de Covid-19. Es as\u00ed&#8230; <a class=\"read-more\" href=\"https:\/\/www.radiopresidenteibanez.cl\/web\/municipalidad-de-porvenir-comenzo-trabajos-de-sanitizacion-en-diferentes-puntos-de-la-comuna\/\">Leer m\u00e1s<\/a><\/p>\n","protected":false},"author":2,"featured_media":10817,"comment_status":"closed","ping_status":"closed","sticky":false,"template":"","format":"standard","meta":{"footnotes":""},"categories":[1],"tags":[],"class_list":["post-10816","post","type-post","status-publish","format-standard","has-post-thumbnail","hentry","category-cronica"],"_links":{"self":[{"href":"https:\/\/www.radiopresidenteibanez.cl\/web\/wp-json\/wp\/v2\/posts\/10816","targetHints":{"allow":["GET"]}}],"collection":[{"href":"https:\/\/www.radiopresidenteibanez.cl\/web\/wp-json\/wp\/v2\/posts"}],"about":[{"href":"https:\/\/www.radiopresidenteibanez.cl\/web\/wp-json\/wp\/v2\/types\/post"}],"author":[{"embeddable":true,"href":"https:\/\/www.radiopresidenteibanez.cl\/web\/wp-json\/wp\/v2\/users\/2"}],"replies":[{"embeddable":true,"href":"https:\/\/www.radiopresidenteibanez.cl\/web\/wp-json\/wp\/v2\/comments?post=10816"}],"version-history":[{"count":0,"href":"https:\/\/www.radiopresidenteibanez.cl\/web\/wp-json\/wp\/v2\/posts\/10816\/revisions"}],"wp:featuredmedia":[{"embeddable":true,"href":"https:\/\/www.radiopresidenteibanez.cl\/web\/wp-json\/wp\/v2\/media\/10817"}],"wp:attachment":[{"href":"https:\/\/www.radiopresidenteibanez.cl\/web\/wp-json\/wp\/v2\/media?parent=10816"}],"wp:term":[{"taxonomy":"category","embeddable":true,"href":"https:\/\/www.radiopresidenteibanez.cl\/web\/wp-json\/wp\/v2\/categories?post=10816"},{"taxonomy":"post_tag","embeddable":true,"href":"https:\/\/www.radiopresidenteibanez.cl\/web\/wp-json\/wp\/v2\/tags?post=10816"}],"curies":[{"name":"wp","href":"https:\/\/api.w.org\/{rel}","templated":true}]}}