{"id":10812,"date":"2020-04-06T22:03:52","date_gmt":"2020-04-06T22:03:52","guid":{"rendered":"https:\/\/www.radiopresidenteibanez.cl\/web\/?p=10812"},"modified":"2020-04-06T22:03:57","modified_gmt":"2020-04-06T22:03:57","slug":"recuerdan-adelanto-en-fechas-de-pago-para-pensionados-de-ips","status":"publish","type":"post","link":"https:\/\/www.radiopresidenteibanez.cl\/web\/recuerdan-adelanto-en-fechas-de-pago-para-pensionados-de-ips\/","title":{"rendered":"RECUERDAN ADELANTO EN FECHAS DE PAGO PARA PENSIONADOS DE IPS"},"content":{"rendered":"\n<p>Entre las\nmedidas relevantes que ha tomado el Instituto de Previsi\u00f3n Social (IPS),\ninformadas durante las \u00faltimas semanas, est\u00e1 el adelanto en las fechas de pago\npara los adultos mayores que reciben pensiones pagadas por el Estado y que\nbeneficiar\u00e1 a quienes tengan fecha de pago despu\u00e9s del 15 de abril del presente\na\u00f1o.<\/p>\n\n\n\n<p>Las\nautoridades laborales de la zona reforzaron este llamado a los adultos mayores\nde Magallanes, recordando que este beneficio, por el momento, rige s\u00f3lo para\nlos pensionados del IPS.<\/p>\n\n\n\n<p>En palabras\nde la Seremi del Trabajo y Previsi\u00f3n Social, Victoria Cort\u00e9s Schiattino, \u201cestamos\nrecordando esta medida cuyo objetivo es contribuir al cuidado de nuestros\nadultos mayores, en este caso, beneficiarios del IPS, quienes podr\u00e1n cobrar sus\npensiones de manera adelantada\u201d.<\/p>\n\n\n\n<p>Sobre lo\nmismo, el director regional de IPS, Eduardo Barahona, indic\u00f3 que \u201ctodos los\npagos del mes de abril se efectuar\u00e1n hasta el d\u00eda 15 como m\u00e1ximo. Por tanto,\naquellas pensiones programadas inicialmente desde el 16 de abril en adelante se\nadelantaron para la primera mitad de este mes\u201d.<\/p>\n\n\n\n<p>Asimismo, el\nIPS inform\u00f3 que en el caso de las personas beneficiarias del IPS que ya ten\u00edan\ncomo forma de pago el dep\u00f3sito en alguna cuenta bancaria, esta modalidad\nseguir\u00e1 funcionando con total normalidad.<\/p>\n\n\n\n<p>Con respecto\na los pensionados de instituciones privadas, la autoridad recomend\u00f3 a los\npensionados de AFP o compa\u00f1\u00edas de seguro, consultar en su respectiva entidad\nsobre eventuales medidas a tomar en el marco de esta emergencia sanitaria.<\/p>\n\n\n\n<p>Respecto a\nlos canales de informaci\u00f3n, quienes tengan dudas con su fecha de cobro pueden\nverificar si su pago est\u00e1 disponible a trav\u00e9s del sitio <a href=\"http:\/\/www.chileatiende.cl\">www.chileatiende.cl<\/a> o llamando\nal call center 101 de ChileAtiende.<\/p>\n\n\n\n<p>Fechas de\npago adelantadas:<\/p>\n\n\n\n<figure class=\"wp-block-table\"><table class=\"\"><tbody><tr><td>\n  Quienes\n  cobran su pensi\u00f3n el:\n  <\/td><td>\n  Se\n  adelanta para el:\n  <\/td><\/tr><tr><td>\n  Viernes 17\n  de abril \n  <\/td><td>\n  Jueves 2\n  de abril\n  <\/td><\/tr><tr><td>\n  Lunes 20\n  de abril\n  <\/td><td>\n  Viernes 3\n  de abril\n  <\/td><\/tr><tr><td>\n  Martes 21\n  de abril \n  <\/td><td>\n  Lunes 6 de\n  abril\n  <\/td><\/tr><tr><td>\n  Mi\u00e9rcoles\n  22 de abril\n  <\/td><td>\n  Martes 7\n  de abril\n  <\/td><\/tr><tr><td>\n  Jueves 23\n  de abril\n  <\/td><td>\n  Mi\u00e9rcoles\n  8 de abril\n  <\/td><\/tr><tr><td>\n  Viernes 24\n  de abril\n  <\/td><td>\n  Jueves 9\n  de abril\n  <\/td><\/tr><tr><td>\n  Lunes 27\n  de abril\n  <\/td><td>\n  Lunes 13\n  de abril\n  <\/td><\/tr><tr><td>\n  Martes 28\n  de abril\n  <\/td><td>\n  Martes 14\n  de abril\n  <\/td><\/tr><tr><td>\n  Mi\u00e9rcoles\n  29 de abril\n  <\/td><td>\n  Mi\u00e9rcoles\n  15 de abril\n  <\/td><\/tr><\/tbody><\/table><\/figure>\n","protected":false},"excerpt":{"rendered":"<p>Entre las medidas relevantes que ha tomado el Instituto de Previsi\u00f3n Social (IPS), informadas durante las \u00faltimas semanas, est\u00e1 el adelanto en las fechas de pago para los adultos mayores&#8230; <a class=\"read-more\" href=\"https:\/\/www.radiopresidenteibanez.cl\/web\/recuerdan-adelanto-en-fechas-de-pago-para-pensionados-de-ips\/\">Leer m\u00e1s<\/a><\/p>\n","protected":false},"author":2,"featured_media":10813,"comment_status":"closed","ping_status":"closed","sticky":false,"template":"","format":"standard","meta":{"footnotes":""},"categories":[1],"tags":[],"class_list":["post-10812","post","type-post","status-publish","format-standard","has-post-thumbnail","hentry","category-cronica"],"_links":{"self":[{"href":"https:\/\/www.radiopresidenteibanez.cl\/web\/wp-json\/wp\/v2\/posts\/10812","targetHints":{"allow":["GET"]}}],"collection":[{"href":"https:\/\/www.radiopresidenteibanez.cl\/web\/wp-json\/wp\/v2\/posts"}],"about":[{"href":"https:\/\/www.radiopresidenteibanez.cl\/web\/wp-json\/wp\/v2\/types\/post"}],"author":[{"embeddable":true,"href":"https:\/\/www.radiopresidenteibanez.cl\/web\/wp-json\/wp\/v2\/users\/2"}],"replies":[{"embeddable":true,"href":"https:\/\/www.radiopresidenteibanez.cl\/web\/wp-json\/wp\/v2\/comments?post=10812"}],"version-history":[{"count":0,"href":"https:\/\/www.radiopresidenteibanez.cl\/web\/wp-json\/wp\/v2\/posts\/10812\/revisions"}],"wp:featuredmedia":[{"embeddable":true,"href":"https:\/\/www.radiopresidenteibanez.cl\/web\/wp-json\/wp\/v2\/media\/10813"}],"wp:attachment":[{"href":"https:\/\/www.radiopresidenteibanez.cl\/web\/wp-json\/wp\/v2\/media?parent=10812"}],"wp:term":[{"taxonomy":"category","embeddable":true,"href":"https:\/\/www.radiopresidenteibanez.cl\/web\/wp-json\/wp\/v2\/categories?post=10812"},{"taxonomy":"post_tag","embeddable":true,"href":"https:\/\/www.radiopresidenteibanez.cl\/web\/wp-json\/wp\/v2\/tags?post=10812"}],"curies":[{"name":"wp","href":"https:\/\/api.w.org\/{rel}","templated":true}]}}