{"id":10806,"date":"2020-04-06T13:50:22","date_gmt":"2020-04-06T13:50:22","guid":{"rendered":"https:\/\/www.radiopresidenteibanez.cl\/web\/?p=10806"},"modified":"2020-04-06T13:50:27","modified_gmt":"2020-04-06T13:50:27","slug":"god-save-the-queen-dios-salve-a-la-reina-por-ernesto-sepulveda","status":"publish","type":"post","link":"https:\/\/www.radiopresidenteibanez.cl\/web\/god-save-the-queen-dios-salve-a-la-reina-por-ernesto-sepulveda\/","title":{"rendered":"GOD SAVE THE QUEEN (DIOS  SALVE A LA REINA) por ERNESTO SEPULVEDA"},"content":{"rendered":"\n<p>Este domingo 5 de abril, en un gesto extraordinario, la reina Isabel II de\nInglaterra, se&nbsp;&nbsp;ha dirigido en un discurso&nbsp;&nbsp;a todos los\nbrit\u00e1nicos. El motivo la epidemia del Coronavirus, que est\u00e1 diezmando a la poblaci\u00f3n\nen todo el mundo. La monarca de 93 a\u00f1os, muy querida y respetada en\nInglaterra,&nbsp;&nbsp;s\u00f3lo se dirige una vez al a\u00f1o a todos sus s\u00fabditos, con\nmotivo de la navidad. Tambi\u00e9n en ocasiones muy excepcionales, pero es poco\nfrecuente.<\/p>\n\n\n\n<p>En lo personal, no guardo un cari\u00f1o especial por la monarqu\u00eda, pero como\namante de la historia tengo una gran admiraci\u00f3n por el caso de Inglaterra y la\nreina Isabel. Esta monarca ha estado presente, en todos los eventos hist\u00f3ricos\nde una centuria entre los siglos XX y XXI.<\/p>\n\n\n\n<p>Reconoci\u00e9ndose testigo de una \u00e9poca, y encarnando el personaje hist\u00f3rico\nque es, la reina Isabel, brind\u00f3 un discurso plagado de referencias al glorioso\npasado de Inglaterra. Destacando el temple, que el pueblo brit\u00e1nico tuvo\ndurante la Segunda Guerra Mundial.&nbsp;&nbsp;Hoy cuando los fallecidos por la\npandemia superan los cinco mil en Inglaterra, la reina invoc\u00f3 la resistencia\nheroica y el esp\u00edritu de lucha, que ha caracterizado a&nbsp;&nbsp;sus s\u00fabditos,\ny que les permiti\u00f3 construir un imperio.<\/p>\n\n\n\n<p>Apelando a un sentido de trascendencia, inst\u00f3 a los brit\u00e1nicos a ser tan\nfuertes como las generaciones anteriores, y a transmitir los valores que\nforjaron el car\u00e1cter ingles: la autodisciplina, la determinaci\u00f3n, el buen humor\ny el compa\u00f1erismo.<\/p>\n\n\n\n<p>Lo que nos conmina a nosotros en las ant\u00edpodas geogr\u00e1ficas del Reino Unido,\nes el llamado que hace la reina Isabel II, a trabajar unidos para enfrentar\nesta crisis.<\/p>\n\n\n\n<p>\u00ab<em>Si bien hemos enfrentado desaf\u00edos antes, este\nes diferente. Esta vez nos unimos con todas las naciones del mundo en un\nesfuerzo com\u00fan, utilizando los grandes avances de la ciencia y nuestra\ncompasi\u00f3n instintiva para sanar. Tendremos \u00e9xito, y ese \u00e9xito pertenecer\u00e1 a\ncada uno de nosotros\u00bb,<\/em><\/p>\n\n\n\n<p>La reina de Inglaterra, hizo un reconocimiento a los\ntrabajadores de la salud, mostrando durante su discurso, im\u00e1genes donde la\ngente aplaude a estos trabajadores. Una importante lecci\u00f3n para los jefes de\nestado de otras latitudes.<\/p>\n\n\n\n<p>Hoy vivimos una etapa crucial de la historia humana,\nun desaf\u00edo global, una tarea que nos compromete a todos. Es momento de la uni\u00f3n\ndentro de los pa\u00edses, y tambi\u00e9n hacia afuera. Los gestos de altruismo, de\ngenerosidad, la entrega del personal de los servicios de salud, son heroicos, y\nas\u00ed debemos reconocerlo. En Chile se ha destacado de manera muy tibia a estos\ntrabajadores. Se ha conocido de casos, donde al t\u00e9rmino de sus turnos de\ntrabajo, en los edificios donde residen, han sufrido discriminaci\u00f3n y malos\ntratos. Esto es inaceptable, y debe rechazarse en\u00e9rgicamente.<\/p>\n","protected":false},"excerpt":{"rendered":"<p>Este domingo 5 de abril, en un gesto extraordinario, la reina Isabel II de Inglaterra, se&nbsp;&nbsp;ha dirigido en un discurso&nbsp;&nbsp;a todos los brit\u00e1nicos. El motivo la epidemia del Coronavirus, que&#8230; <a class=\"read-more\" href=\"https:\/\/www.radiopresidenteibanez.cl\/web\/god-save-the-queen-dios-salve-a-la-reina-por-ernesto-sepulveda\/\">Leer m\u00e1s<\/a><\/p>\n","protected":false},"author":2,"featured_media":2310,"comment_status":"closed","ping_status":"closed","sticky":false,"template":"","format":"standard","meta":{"footnotes":""},"categories":[1],"tags":[],"class_list":["post-10806","post","type-post","status-publish","format-standard","has-post-thumbnail","hentry","category-cronica"],"_links":{"self":[{"href":"https:\/\/www.radiopresidenteibanez.cl\/web\/wp-json\/wp\/v2\/posts\/10806","targetHints":{"allow":["GET"]}}],"collection":[{"href":"https:\/\/www.radiopresidenteibanez.cl\/web\/wp-json\/wp\/v2\/posts"}],"about":[{"href":"https:\/\/www.radiopresidenteibanez.cl\/web\/wp-json\/wp\/v2\/types\/post"}],"author":[{"embeddable":true,"href":"https:\/\/www.radiopresidenteibanez.cl\/web\/wp-json\/wp\/v2\/users\/2"}],"replies":[{"embeddable":true,"href":"https:\/\/www.radiopresidenteibanez.cl\/web\/wp-json\/wp\/v2\/comments?post=10806"}],"version-history":[{"count":0,"href":"https:\/\/www.radiopresidenteibanez.cl\/web\/wp-json\/wp\/v2\/posts\/10806\/revisions"}],"wp:featuredmedia":[{"embeddable":true,"href":"https:\/\/www.radiopresidenteibanez.cl\/web\/wp-json\/wp\/v2\/media\/2310"}],"wp:attachment":[{"href":"https:\/\/www.radiopresidenteibanez.cl\/web\/wp-json\/wp\/v2\/media?parent=10806"}],"wp:term":[{"taxonomy":"category","embeddable":true,"href":"https:\/\/www.radiopresidenteibanez.cl\/web\/wp-json\/wp\/v2\/categories?post=10806"},{"taxonomy":"post_tag","embeddable":true,"href":"https:\/\/www.radiopresidenteibanez.cl\/web\/wp-json\/wp\/v2\/tags?post=10806"}],"curies":[{"name":"wp","href":"https:\/\/api.w.org\/{rel}","templated":true}]}}