{"id":10756,"date":"2020-04-03T12:54:11","date_gmt":"2020-04-03T12:54:11","guid":{"rendered":"https:\/\/www.radiopresidenteibanez.cl\/web\/?p=10756"},"modified":"2020-04-03T12:54:15","modified_gmt":"2020-04-03T12:54:15","slug":"declaran-admisible-recurso-de-proteccion-de-diputado-bianchi-contra-dictamen-de-la-direccion-del-trabajo","status":"publish","type":"post","link":"https:\/\/www.radiopresidenteibanez.cl\/web\/declaran-admisible-recurso-de-proteccion-de-diputado-bianchi-contra-dictamen-de-la-direccion-del-trabajo\/","title":{"rendered":"DECLARAN ADMISIBLE RECURSO DE PROTECCI\u00d3N DE DIPUTADO BIANCHI CONTRA DICTAMEN DE LA DIRECCI\u00d3N DEL TRABAJO"},"content":{"rendered":"\n<p>El tribunal declar\u00f3 admisible\nel recurso de protecci\u00f3n presentado por el diputado independiente contra el\ndictamen de la Direcci\u00f3n Nacional del Trabajo, el que exime a los empleadores\nde pagar sueldos en caso de cuarentena total por coronavirus.<\/p>\n\n\n\n<p>En este sentido, la resoluci\u00f3n\nindica que \u201cse declara ADMISIBLE el recurso de protecci\u00f3n interpuesto\u201d y se le\npide a los recurridos, en este caso a la Direcci\u00f3n Nacional y Regional del\nTrabajo, informar la contestaci\u00f3n.<\/p>\n\n\n\n<p>El documento presentado por el\nparlamentario se\u00f1ala que \u201cel dictamen emanado de la directora del Trabajo\n(s),&nbsp;constituye un acto de la autoridad, arbitrario e ilegal\u201d, esto debido\na la vulneraci\u00f3n de los derechos de los trabajadores.<\/p>\n\n\n\n<p>Es as\u00ed como el diputado\nmagall\u00e1nico asegura que es importante recordarle a la Inspecci\u00f3n del Trabajo\nque las relaciones laborales no son meras interacciones entre dos partes en\nigualdad de condiciones, ya que sobre todo en Chile, los trabajadores se\nencuentran siempre en desventaja en relaci\u00f3n a su empleador.<\/p>\n\n\n\n<p>Respecto a esto \u00faltimo, el\ndiputado independiente afirm\u00f3 que \u201ca la Direcci\u00f3n del Trabajo le interesa\ndefender a las empresas y no a los trabajadores, dej\u00e1ndolos indefensos y usando\ncomo pretexto la cr\u00edtica situaci\u00f3n sanitaria que vive el pa\u00eds\u201d. <\/p>\n\n\n\n<p>Frente a la admisibilidad, el\nparlamentario concluy\u00f3: \u201cEstamos muy contentos con la resoluci\u00f3n de la Corte,\nes un primer paso para lograr la protecci\u00f3n de los trabajadores de nuestra\nregi\u00f3n en este tiempo dif\u00edcil que estamos viviendo\u201d.<\/p>\n","protected":false},"excerpt":{"rendered":"<p>El tribunal declar\u00f3 admisible el recurso de protecci\u00f3n presentado por el diputado independiente contra el dictamen de la Direcci\u00f3n Nacional del Trabajo, el que exime a los empleadores de pagar&#8230; <a class=\"read-more\" href=\"https:\/\/www.radiopresidenteibanez.cl\/web\/declaran-admisible-recurso-de-proteccion-de-diputado-bianchi-contra-dictamen-de-la-direccion-del-trabajo\/\">Leer m\u00e1s<\/a><\/p>\n","protected":false},"author":2,"featured_media":5567,"comment_status":"closed","ping_status":"closed","sticky":false,"template":"","format":"standard","meta":{"footnotes":""},"categories":[1],"tags":[],"class_list":["post-10756","post","type-post","status-publish","format-standard","has-post-thumbnail","hentry","category-cronica"],"_links":{"self":[{"href":"https:\/\/www.radiopresidenteibanez.cl\/web\/wp-json\/wp\/v2\/posts\/10756","targetHints":{"allow":["GET"]}}],"collection":[{"href":"https:\/\/www.radiopresidenteibanez.cl\/web\/wp-json\/wp\/v2\/posts"}],"about":[{"href":"https:\/\/www.radiopresidenteibanez.cl\/web\/wp-json\/wp\/v2\/types\/post"}],"author":[{"embeddable":true,"href":"https:\/\/www.radiopresidenteibanez.cl\/web\/wp-json\/wp\/v2\/users\/2"}],"replies":[{"embeddable":true,"href":"https:\/\/www.radiopresidenteibanez.cl\/web\/wp-json\/wp\/v2\/comments?post=10756"}],"version-history":[{"count":0,"href":"https:\/\/www.radiopresidenteibanez.cl\/web\/wp-json\/wp\/v2\/posts\/10756\/revisions"}],"wp:featuredmedia":[{"embeddable":true,"href":"https:\/\/www.radiopresidenteibanez.cl\/web\/wp-json\/wp\/v2\/media\/5567"}],"wp:attachment":[{"href":"https:\/\/www.radiopresidenteibanez.cl\/web\/wp-json\/wp\/v2\/media?parent=10756"}],"wp:term":[{"taxonomy":"category","embeddable":true,"href":"https:\/\/www.radiopresidenteibanez.cl\/web\/wp-json\/wp\/v2\/categories?post=10756"},{"taxonomy":"post_tag","embeddable":true,"href":"https:\/\/www.radiopresidenteibanez.cl\/web\/wp-json\/wp\/v2\/tags?post=10756"}],"curies":[{"name":"wp","href":"https:\/\/api.w.org\/{rel}","templated":true}]}}