{"id":10754,"date":"2020-04-03T12:49:45","date_gmt":"2020-04-03T12:49:45","guid":{"rendered":"https:\/\/www.radiopresidenteibanez.cl\/web\/?p=10754"},"modified":"2020-04-03T12:49:50","modified_gmt":"2020-04-03T12:49:50","slug":"alcalde-paredes-solicito-en-la-mesa-social-covid-19-mayor-participacion-de-los-municipios-del-pais","status":"publish","type":"post","link":"https:\/\/www.radiopresidenteibanez.cl\/web\/alcalde-paredes-solicito-en-la-mesa-social-covid-19-mayor-participacion-de-los-municipios-del-pais\/","title":{"rendered":"ALCALDE PAREDES SOLICIT\u00d3 EN LA MESA SOCIAL COVID-19 MAYOR PARTICIPACI\u00d3N DE LOS MUNICIPIOS DEL PA\u00cdS"},"content":{"rendered":"\n<p>Despu\u00e9s de tres horas de reuni\u00f3n,\nel alcalde de Natales y presidente de la Asociaci\u00f3n Chilena de Municipalidades,\nFernando Paredes, particip\u00f3 junto al ministro del Interior, ministro de Energ\u00eda\ny la subsecretaria de Salud en la reuni\u00f3n de la mesa social covid-19,\norganizada por La Moneda. <\/p>\n\n\n\n<p>En la reuni\u00f3n, el edil expuso la\nnecesidad de los municipios por contar con el registro de las personas con\norden de cuarentena, para poder apoyar y fiscalizar en el cumplimiento de estas\nmedidas, y as\u00ed proteger a la comunidad.<\/p>\n\n\n\n<p>Seg\u00fan Fernando Paredes, la\npetici\u00f3n de los alcaldes fue escuchada y se logr\u00f3 un acuerdo para entregar el\nregistro de personas contagiadas. \u201cUrge que los municipios tengamos contacto\ncon las personas en cuarentena, no visit\u00e1ndolos en terreno necesariamente, sino\nm\u00e1s bien llamarlos por tel\u00e9fono y tener un control sobre la gente que est\u00e1 en\ncuarentena. Se le hizo presente con mucha fuerza ese principio y se accedi\u00f3 que\npor lo menos vamos a tener noticias dentro de los pr\u00f3ximos d\u00edas\u201d.<\/p>\n\n\n\n<p>Otra de las peticiones realizadas\npor el presidente de la Asociaci\u00f3n Chilena de Municipalidades, fue instalar\nesta semana todas las mesas sociales de covid-19 en cada una de las regiones\ndel pa\u00eds. \u201cYa qued\u00f3 definido por parte del ministro del Interior, quien ya est\u00e1\nmandando un calendario y est\u00e1 instruyendo a los intendentes para que se\nproduzca ese canal de informaci\u00f3n, y tambi\u00e9n la consideraci\u00f3n a los alcaldes en\ncada una de las regiones\u201d.<\/p>\n\n\n\n<p>Asimismo, el edil enfatiz\u00f3 que\nd\u00eda a d\u00eda surgen nuevos acuerdos en la mesa social covid-19, buscando entregar\na la comunidad respuestas que beneficien y protejan a todos los ciudadanos del\npa\u00eds.<\/p>\n\n\n\n<p>Para finalizar la reuni\u00f3n, desde\nla subsecretar\u00eda de Salud aseguraron para todas las comunas la entrega del\nstock total de vacunas contra la influenza.<\/p>\n","protected":false},"excerpt":{"rendered":"<p>Despu\u00e9s de tres horas de reuni\u00f3n, el alcalde de Natales y presidente de la Asociaci\u00f3n Chilena de Municipalidades, Fernando Paredes, particip\u00f3 junto al ministro del Interior, ministro de Energ\u00eda y&#8230; <a class=\"read-more\" href=\"https:\/\/www.radiopresidenteibanez.cl\/web\/alcalde-paredes-solicito-en-la-mesa-social-covid-19-mayor-participacion-de-los-municipios-del-pais\/\">Leer m\u00e1s<\/a><\/p>\n","protected":false},"author":2,"featured_media":10592,"comment_status":"closed","ping_status":"closed","sticky":false,"template":"","format":"standard","meta":{"footnotes":""},"categories":[1],"tags":[],"class_list":["post-10754","post","type-post","status-publish","format-standard","has-post-thumbnail","hentry","category-cronica"],"_links":{"self":[{"href":"https:\/\/www.radiopresidenteibanez.cl\/web\/wp-json\/wp\/v2\/posts\/10754","targetHints":{"allow":["GET"]}}],"collection":[{"href":"https:\/\/www.radiopresidenteibanez.cl\/web\/wp-json\/wp\/v2\/posts"}],"about":[{"href":"https:\/\/www.radiopresidenteibanez.cl\/web\/wp-json\/wp\/v2\/types\/post"}],"author":[{"embeddable":true,"href":"https:\/\/www.radiopresidenteibanez.cl\/web\/wp-json\/wp\/v2\/users\/2"}],"replies":[{"embeddable":true,"href":"https:\/\/www.radiopresidenteibanez.cl\/web\/wp-json\/wp\/v2\/comments?post=10754"}],"version-history":[{"count":0,"href":"https:\/\/www.radiopresidenteibanez.cl\/web\/wp-json\/wp\/v2\/posts\/10754\/revisions"}],"wp:featuredmedia":[{"embeddable":true,"href":"https:\/\/www.radiopresidenteibanez.cl\/web\/wp-json\/wp\/v2\/media\/10592"}],"wp:attachment":[{"href":"https:\/\/www.radiopresidenteibanez.cl\/web\/wp-json\/wp\/v2\/media?parent=10754"}],"wp:term":[{"taxonomy":"category","embeddable":true,"href":"https:\/\/www.radiopresidenteibanez.cl\/web\/wp-json\/wp\/v2\/categories?post=10754"},{"taxonomy":"post_tag","embeddable":true,"href":"https:\/\/www.radiopresidenteibanez.cl\/web\/wp-json\/wp\/v2\/tags?post=10754"}],"curies":[{"name":"wp","href":"https:\/\/api.w.org\/{rel}","templated":true}]}}