{"id":10751,"date":"2020-04-02T15:11:05","date_gmt":"2020-04-02T15:11:05","guid":{"rendered":"https:\/\/www.radiopresidenteibanez.cl\/web\/?p=10751"},"modified":"2020-04-02T15:11:10","modified_gmt":"2020-04-02T15:11:10","slug":"tia-rica-suspende-atencion-de-publico-durante-la-cuarentena","status":"publish","type":"post","link":"https:\/\/www.radiopresidenteibanez.cl\/web\/tia-rica-suspende-atencion-de-publico-durante-la-cuarentena\/","title":{"rendered":"\u201cT\u00cdA RICA\u201d SUSPENDE ATENCI\u00d3N DE P\u00daBLICO DURANTE LA CUARENTENA"},"content":{"rendered":"\n<p>Con el\nobjetivo de proteger la seguridad de sus funcionarios y hacer un llamado a sus\n\u201csobrinos\u201d a estar tranquilos y resguardados en sus casas, la querida \u201cT\u00eda\nRica\u201d \u2013la Direcci\u00f3n de Cr\u00e9dito Prendario- de Magallanes anunci\u00f3 el cierre de\nsus oficinas, suspendiendo as\u00ed la atenci\u00f3n de p\u00fablico por los siete d\u00edas de\ncuarentena decretada por la autoridad para Punta Arenas.<\/p>\n\n\n\n<p>As\u00ed lo\ninformaron la Seremi del Trabajo, Victoria Cort\u00e9s Schiattino, y el\nadministrador regional de Dicrep Magallanes, Claudio Reyes Guti\u00e9rrez, quienes\ninvitaron a los usuarios del servicio a estar tranquilos por cuanto la \u201cT\u00eda\nRica\u201d ha tomado los resguardos para la protecci\u00f3n de sus prendas, suspendiendo\ntambi\u00e9n los intereses por los pr\u00f3ximos siete d\u00edas y hasta nueva instrucci\u00f3n del\nnivel central.<\/p>\n\n\n\n<p>\u201cQueremos\ncomentarles a los usuarios de nuestra \u2018T\u00eda Rica\u2019 que a partir de ma\u00f1ana 2 de\nabril, hemos suspendido la atenci\u00f3n presencial de p\u00fablico con el af\u00e1n de cumplir\ncon los siete d\u00edas de cuarentena total decretada para Punta Arenas. No\nobstante, el llamado es a la tranquilidad de quienes tienen objetos o alhajas\nen pr\u00e9stamo, por cuanto las p\u00f3lizas vencidas en los meses previos continuar\u00e1n\nvigentes y, asimismo, durante este per\u00edodo de cuarentena se han congelado\ntambi\u00e9n los intereses por pr\u00e9stamos, as\u00ed que es una muy buena noticia que\nentregamos hoy junto a la Dicrep\u201d, expres\u00f3 la secretaria regional.<\/p>\n\n\n\n<p>Asimismo,\nseg\u00fan inform\u00f3 la autoridad, los remates de alhajas y objetos correspondientes a\nlos meses de marzo y abril del presente a\u00f1o han sido suspendidos tambi\u00e9n hasta\nnuevo aviso, al igual que los remates fiscales y judiciales y las\nprescripciones de los excedentes.<\/p>\n\n\n\n<p>En palabras\ndel administrador local de la Dicrep, \u201cel llamado a nuestros sobrinos es que no\nse preocupen, puesto que las p\u00f3lizas vencidas de enero y febrero se encuentran\nvigentes, pero les pido que sigan consultando, puesto que no sabemos cu\u00e1ndo\ntermine esta situaci\u00f3n. Aprovecho de pedirles a nuestros usuarios que no se\narriesguen y se queden en sus casas, para no ser infectados. Nosotros velaremos\npor el cuidado de sus especies, pero no dejen de hacer las consultas, ya que a\nnivel regional no tenemos las fechas de los pr\u00f3ximos remates\u201d.<\/p>\n\n\n\n<p>El director\nrecord\u00f3 que mientras se mantenga la cuarentena total en la zona, se congelar\u00e1n\nlos intereses, los cuales se reactivar\u00e1n cuando termine este per\u00edodo. <\/p>\n\n\n\n<p>Por lo\nmismo, se hizo el llamado a consultar por los canales digitales de la Seremi\ndel Trabajo en caso de tener dudas, ya sea a trav\u00e9s de Facebook a la p\u00e1gina\nSeremi del Trabajo Magallanes o Twitter a @MintrabMagallan.<\/p>\n","protected":false},"excerpt":{"rendered":"<p>Con el objetivo de proteger la seguridad de sus funcionarios y hacer un llamado a sus \u201csobrinos\u201d a estar tranquilos y resguardados en sus casas, la querida \u201cT\u00eda Rica\u201d \u2013la&#8230; <a class=\"read-more\" href=\"https:\/\/www.radiopresidenteibanez.cl\/web\/tia-rica-suspende-atencion-de-publico-durante-la-cuarentena\/\">Leer m\u00e1s<\/a><\/p>\n","protected":false},"author":2,"featured_media":10712,"comment_status":"closed","ping_status":"closed","sticky":false,"template":"","format":"standard","meta":{"footnotes":""},"categories":[1],"tags":[],"class_list":["post-10751","post","type-post","status-publish","format-standard","has-post-thumbnail","hentry","category-cronica"],"_links":{"self":[{"href":"https:\/\/www.radiopresidenteibanez.cl\/web\/wp-json\/wp\/v2\/posts\/10751","targetHints":{"allow":["GET"]}}],"collection":[{"href":"https:\/\/www.radiopresidenteibanez.cl\/web\/wp-json\/wp\/v2\/posts"}],"about":[{"href":"https:\/\/www.radiopresidenteibanez.cl\/web\/wp-json\/wp\/v2\/types\/post"}],"author":[{"embeddable":true,"href":"https:\/\/www.radiopresidenteibanez.cl\/web\/wp-json\/wp\/v2\/users\/2"}],"replies":[{"embeddable":true,"href":"https:\/\/www.radiopresidenteibanez.cl\/web\/wp-json\/wp\/v2\/comments?post=10751"}],"version-history":[{"count":0,"href":"https:\/\/www.radiopresidenteibanez.cl\/web\/wp-json\/wp\/v2\/posts\/10751\/revisions"}],"wp:featuredmedia":[{"embeddable":true,"href":"https:\/\/www.radiopresidenteibanez.cl\/web\/wp-json\/wp\/v2\/media\/10712"}],"wp:attachment":[{"href":"https:\/\/www.radiopresidenteibanez.cl\/web\/wp-json\/wp\/v2\/media?parent=10751"}],"wp:term":[{"taxonomy":"category","embeddable":true,"href":"https:\/\/www.radiopresidenteibanez.cl\/web\/wp-json\/wp\/v2\/categories?post=10751"},{"taxonomy":"post_tag","embeddable":true,"href":"https:\/\/www.radiopresidenteibanez.cl\/web\/wp-json\/wp\/v2\/tags?post=10751"}],"curies":[{"name":"wp","href":"https:\/\/api.w.org\/{rel}","templated":true}]}}