{"id":10749,"date":"2020-04-02T15:06:02","date_gmt":"2020-04-02T15:06:02","guid":{"rendered":"https:\/\/www.radiopresidenteibanez.cl\/web\/?p=10749"},"modified":"2020-04-02T15:06:06","modified_gmt":"2020-04-02T15:06:06","slug":"medidas-operacionales-de-zona-franca-de-punta-arenas-en-cuarentena-territorial","status":"publish","type":"post","link":"https:\/\/www.radiopresidenteibanez.cl\/web\/medidas-operacionales-de-zona-franca-de-punta-arenas-en-cuarentena-territorial\/","title":{"rendered":"MEDIDAS OPERACIONALES DE ZONA FRANCA DE PUNTA ARENAS EN CUARENTENA TERRITORIAL"},"content":{"rendered":"\n<p>En l\u00ednea con el decreto de Cuarentena Territorial dispuesto por la autoridad sanitaria para la ciudad de Punta Arenas en los pr\u00f3ximos siete d\u00edas, zonAustral ha determinado informar algunas medidas para la comunidad magall\u00e1nica.<\/p>\n\n\n\n<p>\u25cf&nbsp;&nbsp;&nbsp;&nbsp;&nbsp;Desde el jueves 2 y hasta el mi\u00e9rcoles 8 de abril, el M\u00f3dulo Central del recinto franco permanecer\u00e1 cerrado al p\u00fablico; exceptuando los servicios de cajeros del Banco Estado, t\u00f3tem de autoatenci\u00f3n del Registro Civil y Servipag. Paralelamente, espacios de ventas como supermercados, insumos b\u00e1sicos, materiales de construcci\u00f3n, seguir\u00e1n funcionando con atenci\u00f3n a p\u00fablico bajo las normas informadas por las autoridades.<\/p>\n\n\n\n<p>\u25cf&nbsp;&nbsp;&nbsp;&nbsp;&nbsp;Pese a esta contingencia, el recinto mantendr\u00e1 sus horarios regulares. No&nbsp;obstante, y por instrucci\u00f3n de la autoridad, entre este pr\u00f3ximo jueves 2 y mi\u00e9rcoles 8 de abril, el ingreso de personas y veh\u00edculos al recinto franco, se concentrar\u00e1 en el Acceso Poniente o Av. Bulnes. Por su parte, el Acceso Oriente o Av. Costanera permanecer\u00e1 cerrado. En tanto que el Acceso Norte o Muelle Mardones quedar\u00e1 restringido solo para la entrada y salida de carga.<\/p>\n\n\n\n<p>\u25cf&nbsp;&nbsp;&nbsp;&nbsp;&nbsp;Asimismo, el funcionamiento administrativo de Zona Franca de Punta Arenas se mantendr\u00e1 con el objetivo de generar continuidad en las prestaciones operacionales y administrativas. Esto, bajo los m\u00e1s altos est\u00e1ndares sanitarios y en l\u00ednea con las recomendaciones de los organismos de salud y seguridad.<\/p>\n\n\n\n<p>\u25cf&nbsp;&nbsp;&nbsp;&nbsp;&nbsp;SRI y la familia Fischer, seguir\u00e1n atentos a la evoluci\u00f3n de esta grave crisis sanitaria, particularmente a todas las determinaciones y recomendaciones que informen las autoridades a nivel local y nacional. Esto, para garantizar en caso de que nuevas medidas afecten el funcionamiento de Zona Franca de Punta Arenas, las cuales ser\u00e1n informadas a trav\u00e9s de nuestros canales oficiales.<\/p>\n\n\n\n<p>\u25cf&nbsp;&nbsp;&nbsp;&nbsp;&nbsp;Como parte de la comunidad magall\u00e1nica y uno de los lugares preferidos por los habitantes de Punta Arenas, reiteramos el llamado a la precauci\u00f3n y el cuidado de la salud de todos. Sin duda, juntos trabajaremos para detener el contagio y propagaci\u00f3n del Covid-19 en la regi\u00f3n y nuestro pa\u00eds.<\/p>\n","protected":false},"excerpt":{"rendered":"<p>En l\u00ednea con el decreto de Cuarentena Territorial dispuesto por la autoridad sanitaria para la ciudad de Punta Arenas en los pr\u00f3ximos siete d\u00edas, zonAustral ha determinado informar algunas medidas&#8230; <a class=\"read-more\" href=\"https:\/\/www.radiopresidenteibanez.cl\/web\/medidas-operacionales-de-zona-franca-de-punta-arenas-en-cuarentena-territorial\/\">Leer m\u00e1s<\/a><\/p>\n","protected":false},"author":2,"featured_media":10299,"comment_status":"closed","ping_status":"closed","sticky":false,"template":"","format":"standard","meta":{"footnotes":""},"categories":[1],"tags":[],"class_list":["post-10749","post","type-post","status-publish","format-standard","has-post-thumbnail","hentry","category-cronica"],"_links":{"self":[{"href":"https:\/\/www.radiopresidenteibanez.cl\/web\/wp-json\/wp\/v2\/posts\/10749","targetHints":{"allow":["GET"]}}],"collection":[{"href":"https:\/\/www.radiopresidenteibanez.cl\/web\/wp-json\/wp\/v2\/posts"}],"about":[{"href":"https:\/\/www.radiopresidenteibanez.cl\/web\/wp-json\/wp\/v2\/types\/post"}],"author":[{"embeddable":true,"href":"https:\/\/www.radiopresidenteibanez.cl\/web\/wp-json\/wp\/v2\/users\/2"}],"replies":[{"embeddable":true,"href":"https:\/\/www.radiopresidenteibanez.cl\/web\/wp-json\/wp\/v2\/comments?post=10749"}],"version-history":[{"count":0,"href":"https:\/\/www.radiopresidenteibanez.cl\/web\/wp-json\/wp\/v2\/posts\/10749\/revisions"}],"wp:featuredmedia":[{"embeddable":true,"href":"https:\/\/www.radiopresidenteibanez.cl\/web\/wp-json\/wp\/v2\/media\/10299"}],"wp:attachment":[{"href":"https:\/\/www.radiopresidenteibanez.cl\/web\/wp-json\/wp\/v2\/media?parent=10749"}],"wp:term":[{"taxonomy":"category","embeddable":true,"href":"https:\/\/www.radiopresidenteibanez.cl\/web\/wp-json\/wp\/v2\/categories?post=10749"},{"taxonomy":"post_tag","embeddable":true,"href":"https:\/\/www.radiopresidenteibanez.cl\/web\/wp-json\/wp\/v2\/tags?post=10749"}],"curies":[{"name":"wp","href":"https:\/\/api.w.org\/{rel}","templated":true}]}}