{"id":10744,"date":"2020-04-02T13:18:16","date_gmt":"2020-04-02T13:18:16","guid":{"rendered":"https:\/\/www.radiopresidenteibanez.cl\/web\/?p=10744"},"modified":"2020-04-02T13:18:23","modified_gmt":"2020-04-02T13:18:23","slug":"cuatro-personas-fueron-dadas-de-alta-en-magallanes-luego-de-ser-portadoras-del-covid-19","status":"publish","type":"post","link":"https:\/\/www.radiopresidenteibanez.cl\/web\/cuatro-personas-fueron-dadas-de-alta-en-magallanes-luego-de-ser-portadoras-del-covid-19\/","title":{"rendered":"CUATRO PERSONAS FUERON DADAS DE ALTA EN MAGALLANES LUEGO DE SER PORTADORAS DEL COVID-19"},"content":{"rendered":"\n<p>Una buena noticia fue entregada en horas de la tarde de ayer\npor la doctora Mar\u00eda Isabel Iduya, quien confirm\u00f3 que fueron dadas de alta\ncuatro personas que eran portadoras del coronavirus Covid-19.<\/p>\n\n\n\n<p>En la ocasi\u00f3n la doctora\nMar\u00eda Isabel Iduya, Subdirectora M\u00e9dica HCM, se\u00f1al\u00f3 que \u201ca pesar de la crisis\nsanitaria que estamos viviendo y la gravedad de los casos cr\u00edticos Covid_19 , queremos\ninformar que a la fecha se han dado de alta cl\u00ednica a 4 personas, lo que sin\nduda entrega una esperanza, un rayo de luz a todo nuestro equipo que ha\npermitido sacar adelante estos primeros pacientes y da a conocer a nuestra\ncomunidad, que HCM cuenta con recurso humano, equipamiento y tecnolog\u00eda\nnecesaria para poder otorgar mejor tratamiento de apoyo a pacientes con\ncoronavirus\u201d.<\/p>\n","protected":false},"excerpt":{"rendered":"<p>Una buena noticia fue entregada en horas de la tarde de ayer por la doctora Mar\u00eda Isabel Iduya, quien confirm\u00f3 que fueron dadas de alta cuatro personas que eran portadoras&#8230; <a class=\"read-more\" href=\"https:\/\/www.radiopresidenteibanez.cl\/web\/cuatro-personas-fueron-dadas-de-alta-en-magallanes-luego-de-ser-portadoras-del-covid-19\/\">Leer m\u00e1s<\/a><\/p>\n","protected":false},"author":2,"featured_media":585,"comment_status":"closed","ping_status":"closed","sticky":false,"template":"","format":"standard","meta":{"footnotes":""},"categories":[1],"tags":[],"class_list":["post-10744","post","type-post","status-publish","format-standard","has-post-thumbnail","hentry","category-cronica"],"_links":{"self":[{"href":"https:\/\/www.radiopresidenteibanez.cl\/web\/wp-json\/wp\/v2\/posts\/10744","targetHints":{"allow":["GET"]}}],"collection":[{"href":"https:\/\/www.radiopresidenteibanez.cl\/web\/wp-json\/wp\/v2\/posts"}],"about":[{"href":"https:\/\/www.radiopresidenteibanez.cl\/web\/wp-json\/wp\/v2\/types\/post"}],"author":[{"embeddable":true,"href":"https:\/\/www.radiopresidenteibanez.cl\/web\/wp-json\/wp\/v2\/users\/2"}],"replies":[{"embeddable":true,"href":"https:\/\/www.radiopresidenteibanez.cl\/web\/wp-json\/wp\/v2\/comments?post=10744"}],"version-history":[{"count":0,"href":"https:\/\/www.radiopresidenteibanez.cl\/web\/wp-json\/wp\/v2\/posts\/10744\/revisions"}],"wp:featuredmedia":[{"embeddable":true,"href":"https:\/\/www.radiopresidenteibanez.cl\/web\/wp-json\/wp\/v2\/media\/585"}],"wp:attachment":[{"href":"https:\/\/www.radiopresidenteibanez.cl\/web\/wp-json\/wp\/v2\/media?parent=10744"}],"wp:term":[{"taxonomy":"category","embeddable":true,"href":"https:\/\/www.radiopresidenteibanez.cl\/web\/wp-json\/wp\/v2\/categories?post=10744"},{"taxonomy":"post_tag","embeddable":true,"href":"https:\/\/www.radiopresidenteibanez.cl\/web\/wp-json\/wp\/v2\/tags?post=10744"}],"curies":[{"name":"wp","href":"https:\/\/api.w.org\/{rel}","templated":true}]}}