{"id":10742,"date":"2020-04-02T12:59:20","date_gmt":"2020-04-02T12:59:20","guid":{"rendered":"https:\/\/www.radiopresidenteibanez.cl\/web\/?p=10742"},"modified":"2020-04-02T12:59:26","modified_gmt":"2020-04-02T12:59:26","slug":"mujer-de-85-anos-fallecio-en-magallanes-producto-del-coronavirus-covid-19","status":"publish","type":"post","link":"https:\/\/www.radiopresidenteibanez.cl\/web\/mujer-de-85-anos-fallecio-en-magallanes-producto-del-coronavirus-covid-19\/","title":{"rendered":"MUJER DE 85 A\u00d1OS FALLECI\u00d3 EN MAGALLANES PRODUCTO DEL CORONAVIRUS COVID-19"},"content":{"rendered":"\n<p>Pasadas 02:00 horas se inform\u00f3 el fallecimiento de una mujer\nde 85 a\u00f1os que hab\u00eda dado positivo al coronavirus Covid-19, luego de\nestar varios d\u00edas internada en el 5to piso del Hospital Cl\u00ednico de Magallanes. <\/p>\n\n\n\n<p>Cabe mencionar, que tambi\u00e9n habr\u00eda sido detonante del\nfallecimiento de la mujer un grave cuadro respiratorio que se sum\u00f3 el virus.<\/p>\n","protected":false},"excerpt":{"rendered":"<p>Pasadas 02:00 horas se inform\u00f3 el fallecimiento de una mujer de 85 a\u00f1os que hab\u00eda dado positivo al coronavirus Covid-19, luego de estar varios d\u00edas internada en el 5to piso&#8230; <a class=\"read-more\" href=\"https:\/\/www.radiopresidenteibanez.cl\/web\/mujer-de-85-anos-fallecio-en-magallanes-producto-del-coronavirus-covid-19\/\">Leer m\u00e1s<\/a><\/p>\n","protected":false},"author":2,"featured_media":57,"comment_status":"closed","ping_status":"closed","sticky":false,"template":"","format":"standard","meta":{"footnotes":""},"categories":[1],"tags":[],"class_list":["post-10742","post","type-post","status-publish","format-standard","has-post-thumbnail","hentry","category-cronica"],"_links":{"self":[{"href":"https:\/\/www.radiopresidenteibanez.cl\/web\/wp-json\/wp\/v2\/posts\/10742","targetHints":{"allow":["GET"]}}],"collection":[{"href":"https:\/\/www.radiopresidenteibanez.cl\/web\/wp-json\/wp\/v2\/posts"}],"about":[{"href":"https:\/\/www.radiopresidenteibanez.cl\/web\/wp-json\/wp\/v2\/types\/post"}],"author":[{"embeddable":true,"href":"https:\/\/www.radiopresidenteibanez.cl\/web\/wp-json\/wp\/v2\/users\/2"}],"replies":[{"embeddable":true,"href":"https:\/\/www.radiopresidenteibanez.cl\/web\/wp-json\/wp\/v2\/comments?post=10742"}],"version-history":[{"count":0,"href":"https:\/\/www.radiopresidenteibanez.cl\/web\/wp-json\/wp\/v2\/posts\/10742\/revisions"}],"wp:featuredmedia":[{"embeddable":true,"href":"https:\/\/www.radiopresidenteibanez.cl\/web\/wp-json\/wp\/v2\/media\/57"}],"wp:attachment":[{"href":"https:\/\/www.radiopresidenteibanez.cl\/web\/wp-json\/wp\/v2\/media?parent=10742"}],"wp:term":[{"taxonomy":"category","embeddable":true,"href":"https:\/\/www.radiopresidenteibanez.cl\/web\/wp-json\/wp\/v2\/categories?post=10742"},{"taxonomy":"post_tag","embeddable":true,"href":"https:\/\/www.radiopresidenteibanez.cl\/web\/wp-json\/wp\/v2\/tags?post=10742"}],"curies":[{"name":"wp","href":"https:\/\/api.w.org\/{rel}","templated":true}]}}